{"id":11208,"date":"2024-09-07T13:04:05","date_gmt":"2024-09-07T11:04:05","guid":{"rendered":"https:\/\/www.festivalethnos.it\/?p=11208"},"modified":"2024-09-07T13:05:49","modified_gmt":"2024-09-07T11:05:49","slug":"bombino-apre-la-xxix-edizione-del-festival-ethnos","status":"publish","type":"post","link":"https:\/\/www.festivalethnos.it\/?p=11208","title":{"rendered":"Bombino apre la XXIX Edizione del Festival Ethnos"},"content":{"rendered":"<p><span style=\"font-weight: 400;\">\u00c8 <\/span><b>Bombino<\/b><span style=\"font-weight: 400;\">, la stella del desert blues, ad aprire la <\/span><b>XXIX Edizione del Festival Ethnos<\/b><span style=\"font-weight: 400;\">. L\u2019artista nigerino sar\u00e0 sul palco del Festival Ethnos <\/span><b>Sabato 7 Settembre<\/b> <b>alle 21<\/b><span style=\"font-weight: 400;\"> nell\u2019incantevole cornice di Villa Vannucchi, a San Giorgio a Cremano. I biglietti sono disponibili sul circuito <\/span><a href=\"https:\/\/l.facebook.com\/l.php?u=https%3A%2F%2Flnkfi.re%2FEthnos2024%3Ffbclid%3DIwZXh0bgNhZW0CMTAAAR3lMHjT1976iCPC48P8jDTFdWN7fmuddKrgBL4IZIzr2k-zYk7xi4-tHro_aem_-R87PFb9M1y2NOnzhexM9Q&amp;h=AT14VG-mZN_k1UoeAYT6kJiLTfOyPmp7B520oENZUkP9RJvXWCdOq3qAZm3dD1wHKeQSnKMe1gyx3V0A3k6zUrsZ7g3KRMaSy3KnOqfxDc5XRECiab-FOL1A3nopP_YDrgSGsOB175-tqc07lxu1u4Q&amp;__tn__=-UK-R&amp;c%5b0%5d=AT1DldCfksgTJ6ozH2BJQvXGT9pFuJ9sjzMa4dhKR-QBKTu0SM9gIuSILlZTJf4jxtcJUOSoYSEdcRAX9A5tvqzxU1egDd__baB6LZu6S1TiB126UJkZuiNgfXfdDQ43_d8gw8VT_Vbrhz_60maIgCzOI0Mp61OWlQlu6P5oA55PdoxJeCCA3DqCXV4eevwo0RuCFkYQOBoU_Zo\"><span style=\"font-weight: 400;\">Azzurro Service<\/span><\/a><span style=\"font-weight: 400;\">.<\/span><\/p>\n<p>&nbsp;<\/p>\n<p><span style=\"font-weight: 400;\">Le sonorit\u00e0 di Bombino richiamano quelle dei Tinariwen, vicini suonatori del deserto, ma le sue melodie elettrizzanti, che racchiudono lo spirito della resistenza e della ribellione, trasudano un groove irresistibile. Il suo sound ha conquistato l&#8217;Italia, arrivando ad essere ospite in programmi televisivi come &#8220;Che tempo che fa&#8221; di Fabio Fazio e \u201cPropaganda Live\u201d e a collaborare con artisti come Jovanotti, che lo ha coinvolto nella produzione del suo brano &#8220;Si alza il vento\u201d.<\/span><\/p>\n<p><img fetchpriority=\"high\" decoding=\"async\" class=\"alignnone wp-image-10420 size-full\" src=\"https:\/\/www.festivalethnos.it\/wp-content\/uploads\/2024\/09\/bombino.jpg\" alt=\"\" width=\"600\" height=\"400\" srcset=\"https:\/\/www.festivalethnos.it\/wp-content\/uploads\/2024\/09\/bombino.jpg 600w, https:\/\/www.festivalethnos.it\/wp-content\/uploads\/2024\/09\/bombino-300x200.jpg 300w, https:\/\/www.festivalethnos.it\/wp-content\/uploads\/2024\/09\/bombino-370x247.jpg 370w\" sizes=\"(max-width: 600px) 100vw, 600px\" \/><\/p>\n<p><span style=\"font-weight: 400;\">Il 15 Settembre 2023 l\u2019artista ha pubblicato il suo ultimo album \u201cSahel\u201d, l\u2019attesissimo seguito del suo disco del 2018 Deran, frutto del lavoro con il produttore gallese David Wrench (David Byrne, Frank Ocean, Caribou, Goldfrapp, The xx, Sampha).<\/span><\/p>\n<p><span style=\"font-weight: 400;\">\u2018Sahel\u2019 \u00e8 il lavoro pi\u00f9 personale, potente e politico di Bombino, ed \u00e8 anche il pi\u00f9 vario dal punto di vista sonoro, una qualit\u00e0 che si \u00e8 prefissato di raggiungere fin dall\u2019inizio e che intende rispecchiare direttamente il complesso mosaico di culture e persone che compongono il Sahel stesso.<\/span><\/p>\n<p><span style=\"font-weight: 400;\">Soprannominato dal New York Times &#8216;il Sultano delle sei corde&#8217; e dal Noisey \u2018Il pi\u00f9 grande chitarrista al mondo\u2019, nel 2019 viene nominato ai Grammy Awards per il Miglior World Music Album, diventando il primo artista nigerino ad essere nominato ai Grammy.<\/span><\/p>\n<p><span style=\"font-weight: 400;\">La XXIX edizione del Festival Ethnos \u00e8 organizzata da La Bazzarra con il contributo della Regione Campania attraverso Scabec, del Ministero della Cultura, di Nuovo IMAIE, con il contributo della Banca di Credito Popolare, finanziata dal Comune di Napoli e co-finanziata dai Comuni di San Giorgio a Cremano, Portici, Torre del Greco e Torre Annunziata con la collaborazione del Dipartimento di Agraria dell\u2019Universit\u00e0 degli Studi di Napoli Federico II.<\/span><\/p>\n<p>&nbsp;<\/p>\n<p>&nbsp;<\/p>\n","protected":false},"excerpt":{"rendered":"<p>\u00c8 Bombino, la stella del desert blues, ad aprire la XXIX Edizione del Festival Ethnos. L\u2019artista nigerino sar\u00e0 sul palco del Festival Ethnos Sabato 7 Settembre alle 21 nell\u2019incantevole cornice di Villa Vannucchi, a San Giorgio a Cremano. I biglietti sono disponibili sul circuito Azzurro Service. &nbsp; Le sonorit\u00e0 di Bombino richiamano quelle dei Tinariwen,&hellip;<\/p>\n","protected":false},"author":1,"featured_media":10427,"comment_status":"closed","ping_status":"closed","sticky":false,"template":"elementor_header_footer","format":"standard","meta":{"footnotes":""},"categories":[156],"tags":[],"class_list":["post-11208","post","type-post","status-publish","format-standard","has-post-thumbnail","hentry","category-notizie","post_emotion_main_love","post_emotion_love"],"_links":{"self":[{"href":"https:\/\/www.festivalethnos.it\/index.php?rest_route=\/wp\/v2\/posts\/11208","targetHints":{"allow":["GET"]}}],"collection":[{"href":"https:\/\/www.festivalethnos.it\/index.php?rest_route=\/wp\/v2\/posts"}],"about":[{"href":"https:\/\/www.festivalethnos.it\/index.php?rest_route=\/wp\/v2\/types\/post"}],"author":[{"embeddable":true,"href":"https:\/\/www.festivalethnos.it\/index.php?rest_route=\/wp\/v2\/users\/1"}],"replies":[{"embeddable":true,"href":"https:\/\/www.festivalethnos.it\/index.php?rest_route=%2Fwp%2Fv2%2Fcomments&post=11208"}],"version-history":[{"count":3,"href":"https:\/\/www.festivalethnos.it\/index.php?rest_route=\/wp\/v2\/posts\/11208\/revisions"}],"predecessor-version":[{"id":11211,"href":"https:\/\/www.festivalethnos.it\/index.php?rest_route=\/wp\/v2\/posts\/11208\/revisions\/11211"}],"wp:featuredmedia":[{"embeddable":true,"href":"https:\/\/www.festivalethnos.it\/index.php?rest_route=\/wp\/v2\/media\/10427"}],"wp:attachment":[{"href":"https:\/\/www.festivalethnos.it\/index.php?rest_route=%2Fwp%2Fv2%2Fmedia&parent=11208"}],"wp:term":[{"taxonomy":"category","embeddable":true,"href":"https:\/\/www.festivalethnos.it\/index.php?rest_route=%2Fwp%2Fv2%2Fcategories&post=11208"},{"taxonomy":"post_tag","embeddable":true,"href":"https:\/\/www.festivalethnos.it\/index.php?rest_route=%2Fwp%2Fv2%2Ftags&post=11208"}],"curies":[{"name":"wp","href":"https:\/\/api.w.org\/{rel}","templated":true}]}}