{"id":13477,"date":"2025-09-27T18:59:22","date_gmt":"2025-09-27T16:59:22","guid":{"rendered":"https:\/\/www.festivalethnos.it\/?p=13477"},"modified":"2025-09-27T18:59:45","modified_gmt":"2025-09-27T16:59:45","slug":"il-festival-fa-tappa-a-torre-del-greco-rivivi-la-serata","status":"publish","type":"post","link":"https:\/\/www.festivalethnos.it\/?p=13477","title":{"rendered":"Il Festival fa tappa a Torre del Greco, rivivi la serata"},"content":{"rendered":"<p><span style=\"font-weight: 400; font-size: 24pt;\">Il Festival fa tappa a Torre del Greco, rivivi la serata<br \/>\n<\/span><\/p>\n<p>una serata preziosa al cortile del Palazzo Baronale di Torre del Greco con le sonorit\u00e0 tra tradizione e modernit\u00e0 di Luisa Briguglio e la raffinetta del trio M\u00e1rcio Faraco, Hugo Ar\u00e1n, Marco Oliveira con ospite Joe Barbieri <\/p>\n<p><iframe width=\"560\" height=\"315\" src=\"https:\/\/www.youtube.com\/embed\/MdOd26Rkqow?si=6k6Fle3FSPXANm6y\" title=\"YouTube video player\" frameborder=\"0\" allow=\"accelerometer; autoplay; clipboard-write; encrypted-media; gyroscope; picture-in-picture; web-share\" referrerpolicy=\"strict-origin-when-cross-origin\" allowfullscreen><\/iframe><\/p>\n","protected":false},"excerpt":{"rendered":"<p>Il Festival fa tappa a Torre del Greco, rivivi la serata una serata preziosa al cortile del Palazzo Baronale di Torre del Greco con le sonorit\u00e0 tra tradizione e modernit\u00e0 di Luisa Briguglio e la raffinetta del trio M\u00e1rcio Faraco, Hugo Ar\u00e1n, Marco Oliveira con ospite Joe Barbieri<\/p>\n","protected":false},"author":1,"featured_media":13481,"comment_status":"closed","ping_status":"closed","sticky":false,"template":"elementor_header_footer","format":"standard","meta":{"footnotes":""},"categories":[156],"tags":[],"class_list":["post-13477","post","type-post","status-publish","format-standard","has-post-thumbnail","hentry","category-notizie","post_emotion_main_love","post_emotion_love"],"_links":{"self":[{"href":"https:\/\/www.festivalethnos.it\/index.php?rest_route=\/wp\/v2\/posts\/13477","targetHints":{"allow":["GET"]}}],"collection":[{"href":"https:\/\/www.festivalethnos.it\/index.php?rest_route=\/wp\/v2\/posts"}],"about":[{"href":"https:\/\/www.festivalethnos.it\/index.php?rest_route=\/wp\/v2\/types\/post"}],"author":[{"embeddable":true,"href":"https:\/\/www.festivalethnos.it\/index.php?rest_route=\/wp\/v2\/users\/1"}],"replies":[{"embeddable":true,"href":"https:\/\/www.festivalethnos.it\/index.php?rest_route=%2Fwp%2Fv2%2Fcomments&post=13477"}],"version-history":[{"count":2,"href":"https:\/\/www.festivalethnos.it\/index.php?rest_route=\/wp\/v2\/posts\/13477\/revisions"}],"predecessor-version":[{"id":13480,"href":"https:\/\/www.festivalethnos.it\/index.php?rest_route=\/wp\/v2\/posts\/13477\/revisions\/13480"}],"wp:featuredmedia":[{"embeddable":true,"href":"https:\/\/www.festivalethnos.it\/index.php?rest_route=\/wp\/v2\/media\/13481"}],"wp:attachment":[{"href":"https:\/\/www.festivalethnos.it\/index.php?rest_route=%2Fwp%2Fv2%2Fmedia&parent=13477"}],"wp:term":[{"taxonomy":"category","embeddable":true,"href":"https:\/\/www.festivalethnos.it\/index.php?rest_route=%2Fwp%2Fv2%2Fcategories&post=13477"},{"taxonomy":"post_tag","embeddable":true,"href":"https:\/\/www.festivalethnos.it\/index.php?rest_route=%2Fwp%2Fv2%2Ftags&post=13477"}],"curies":[{"name":"wp","href":"https:\/\/api.w.org\/{rel}","templated":true}]}}