{"id":5358,"date":"2017-09-07T12:20:39","date_gmt":"2017-09-07T10:20:39","guid":{"rendered":"http:\/\/www.festivalethnos.it\/?p=5358"},"modified":"2017-09-27T14:17:07","modified_gmt":"2017-09-27T12:17:07","slug":"a-tahar-ben-jellun-il-premio-ethnos-2017","status":"publish","type":"post","link":"https:\/\/www.festivalethnos.it\/?p=5358","title":{"rendered":"A Tahar Ben Jelloun il Premio Ethnos 2017"},"content":{"rendered":"<p><img fetchpriority=\"high\" decoding=\"async\" src=\"http:\/\/www.festivalethnos.it\/wp-content\/uploads\/2017\/09\/THAR.jpg\" alt=\"\" width=\"1000\" height=\"563\" class=\"alignnone size-full wp-image-5359\" srcset=\"https:\/\/www.festivalethnos.it\/wp-content\/uploads\/2017\/09\/THAR.jpg 1000w, https:\/\/www.festivalethnos.it\/wp-content\/uploads\/2017\/09\/THAR-300x169.jpg 300w, https:\/\/www.festivalethnos.it\/wp-content\/uploads\/2017\/09\/THAR-768x432.jpg 768w, https:\/\/www.festivalethnos.it\/wp-content\/uploads\/2017\/09\/THAR-690x388.jpg 690w, https:\/\/www.festivalethnos.it\/wp-content\/uploads\/2017\/09\/THAR-720x405.jpg 720w\" sizes=\"(max-width: 1000px) 100vw, 1000px\" \/><\/a><\/p>\n<p>Sar\u00e0 lo scrittore marocchino Tahar Ben Jelloun a ricevere il Premio Ethnos 2017. L&#8217;evento si svolger\u00e0 nelle Fonderie di Villa Bruno, via Cavalli di Bronzo, 22 a San Giorgio A Cremano il 29 Settembre alle 20:00.<br \/>\nUn premio che vuole essere un riconoscimento verso chi nella sua opera creativa, artistica e sociale ha saputo tracciare da buon conoscitore del mondo mediorientale ed europeo, un ponte tra le differenze, raccontando con i suoi libri la bellezza che vive in ogni cultura.<\/p>\n<p>Tahar Ben Jelloun \u00e8 uno degli autori marocchini pi\u00f9 conosciuti in Europa. Nasce a F\u00e8z il giorno 1 dicembre 1944 dove trascorre la sua giovinezza. Ben presto, per\u00f2, si trasferisce prima a Tangeri, dove frequenta il liceo francese, e poi a Rabat. Qui si iscrive all&#8217;universit\u00e0 &#8220;Mohammed V&#8221; dove si laurea in filosofia.<\/p>\n<p>Intorno ai primi anni &#8217;60 Ben Jelloun inizia la sua carriera di scrittore ed \u00e8 in questo periodo che partecipa attivamente alla stesura della rivista &#8220;Souffles&#8221; che diventer\u00e0 uno dei movimenti letterari pi\u00f9 importanti del Nord-Africa. <\/p>\n<p>Pian piano la sua voce comincia a farsi sentire ma l&#8217;eco di queste parole si far\u00e0 pi\u00f9 intenso e penetrante con la pubblicazione di due opere importantissime quali &#8220;L&#8217;Enfant de sable&#8221; e &#8220;La Nuit sacr\u00e9e&#8221;, quest&#8217;ultima vincitrice del premio Goncourt che lo ha designato quale scrittore di fama internazionale. Da allora i suoi testi sono diventati sempre pi\u00f9 numerosi mentre il genere letterario in cui si \u00e8 distinto si \u00e8 diversificato nel tempo.<\/p>\n<p>Le tematiche trattate sono molteplici ma si basano tutte su argomenti scottanti e sempre attuali come l&#8217;emigrazione (&#8220;Hospitalit\u00e9 fran\u00e7aise&#8221;); la ricerca d&#8217;identit\u00e0 (&#8220;La Pri\u00e8re de l&#8217;absent&#8221; e &#8220;La Nuit sacr\u00e9e&#8221;), la corruzione (&#8220;L&#8217;Homme rompu&#8221;).<\/p>\n","protected":false},"excerpt":{"rendered":"<p>Sar\u00e0 lo scrittore marocchino Tahar Ben Jelloun a ricevere il Premio Ethnos 2017. L&#8217;evento si svolger\u00e0 nelle Fonderie di Villa Bruno, via Cavalli di Bronzo, 22 a San Giorgio A Cremano il 29 Settembre alle 20:00. Un premio che vuole essere un riconoscimento verso chi nella sua opera creativa, artistica e sociale ha saputo tracciare&hellip;<\/p>\n","protected":false},"author":1,"featured_media":5359,"comment_status":"closed","ping_status":"closed","sticky":false,"template":"","format":"standard","meta":{"footnotes":""},"categories":[],"tags":[],"class_list":["post-5358","post","type-post","status-publish","format-standard","has-post-thumbnail","hentry"],"_links":{"self":[{"href":"https:\/\/www.festivalethnos.it\/index.php?rest_route=\/wp\/v2\/posts\/5358","targetHints":{"allow":["GET"]}}],"collection":[{"href":"https:\/\/www.festivalethnos.it\/index.php?rest_route=\/wp\/v2\/posts"}],"about":[{"href":"https:\/\/www.festivalethnos.it\/index.php?rest_route=\/wp\/v2\/types\/post"}],"author":[{"embeddable":true,"href":"https:\/\/www.festivalethnos.it\/index.php?rest_route=\/wp\/v2\/users\/1"}],"replies":[{"embeddable":true,"href":"https:\/\/www.festivalethnos.it\/index.php?rest_route=%2Fwp%2Fv2%2Fcomments&post=5358"}],"version-history":[{"count":9,"href":"https:\/\/www.festivalethnos.it\/index.php?rest_route=\/wp\/v2\/posts\/5358\/revisions"}],"predecessor-version":[{"id":5499,"href":"https:\/\/www.festivalethnos.it\/index.php?rest_route=\/wp\/v2\/posts\/5358\/revisions\/5499"}],"wp:featuredmedia":[{"embeddable":true,"href":"https:\/\/www.festivalethnos.it\/index.php?rest_route=\/wp\/v2\/media\/5359"}],"wp:attachment":[{"href":"https:\/\/www.festivalethnos.it\/index.php?rest_route=%2Fwp%2Fv2%2Fmedia&parent=5358"}],"wp:term":[{"taxonomy":"category","embeddable":true,"href":"https:\/\/www.festivalethnos.it\/index.php?rest_route=%2Fwp%2Fv2%2Fcategories&post=5358"},{"taxonomy":"post_tag","embeddable":true,"href":"https:\/\/www.festivalethnos.it\/index.php?rest_route=%2Fwp%2Fv2%2Ftags&post=5358"}],"curies":[{"name":"wp","href":"https:\/\/api.w.org\/{rel}","templated":true}]}}