{"id":5370,"date":"2017-09-07T14:22:38","date_gmt":"2017-09-07T12:22:38","guid":{"rendered":"http:\/\/www.festivalethnos.it\/?p=5370"},"modified":"2017-09-07T15:38:04","modified_gmt":"2017-09-07T13:38:04","slug":"manca-poco-alledizione-numero-xxii-del-festival","status":"publish","type":"post","link":"https:\/\/www.festivalethnos.it\/?p=5370","title":{"rendered":"Manca poco all&#8217;inizio"},"content":{"rendered":"<p><img fetchpriority=\"high\" decoding=\"async\" src=\"http:\/\/www.festivalethnos.it\/wp-content\/uploads\/2017\/09\/news.jpg\" alt=\"\" width=\"686\" height=\"458\" class=\"alignnone size-full wp-image-5371\" srcset=\"https:\/\/www.festivalethnos.it\/wp-content\/uploads\/2017\/09\/news.jpg 686w, https:\/\/www.festivalethnos.it\/wp-content\/uploads\/2017\/09\/news-300x200.jpg 300w, https:\/\/www.festivalethnos.it\/wp-content\/uploads\/2017\/09\/news-272x182.jpg 272w\" sizes=\"(max-width: 686px) 100vw, 686px\" \/><\/a><\/p>\n<p>Manca poco all&#8217;inaugurazione della XXII del Festival Ethnos, come ogni anno un cartellone di primissimo piano. Il Festival diretto da Gigi Di Luca, rappresenta ormai un classico dell\u2019integrazione culturale nei nostri territori con concerti gratuiti, canti e danze. Un&#8217;immersione nella cultura degli altri popoli celebrata attraverso le loro radici e loro arte e presentata al pubblico con armonia e bellezza.<\/p>\n<p>E&#8217; una rassegna che ancora una volta pone San Giorgio a Cremano tra le citt\u00e0 pi\u00f9 impegnate sul piano della qualit\u00e0 artistica e nell&#8217;ambito della valorizzazione dei diritti di cui questa amministrazione si \u00e8 sempre occupata.<\/p>\n<p>Villa Vannucchi, vari comuni dell&#8217;interland napoletano coinvolti, musicisti importanti in cartellone, happening di danza, visite a siti storici e archeologici. Elenco invitante senza dubbio per l&#8217;Ethnos Festival, dal 16 settembre fino al 1 ottobre, pronto a invadere i sentieri naturalistici del Parco Nazionale del Vesuvio. La rassegna internazionale della musica etnica colorer\u00e0 il mese di settembre, portando artisti da tutto il mondo. Appuntamenti da non perdere, anche perch\u00e9 tutti ad ingresso gratuito (fino ad esaurimento posti). <\/p>\n<p>La nuova stella della musica capoverdiana Lura dar\u00e0 inizio alla ventiduesima edizione di Ethnos, e poi Oumou Sangar\u00e9 &#8211; che sar\u00e0 premiata al WOMEX 2017 &#8211; la band portoghese Terrakota, lo scrittore Tahar Ben Jelloun, il pianista Chassol e i danzatori Ziya Azazi e Fernando Anuang\u2019a. Affidato alla direzione artistica di Gigi De Luca il festival, nato nel 95, si propone di recuperare le arcaiche tradizioni dell\u2019area vesuviana, diventando pian piano uno dei maggiori osservatori di musica etnica e uno tra i festival di musica pi\u00f9 importanti e attesi d\u2019Italia. <\/p>\n","protected":false},"excerpt":{"rendered":"<p>Manca poco all&#8217;inaugurazione della XXII del Festival Ethnos, come ogni anno un cartellone di primissimo piano. Il Festival diretto da Gigi Di Luca, rappresenta ormai un classico dell\u2019integrazione culturale nei nostri territori con concerti gratuiti, canti e danze. Un&#8217;immersione nella cultura degli altri popoli celebrata attraverso le loro radici e loro arte e presentata al&hellip;<\/p>\n","protected":false},"author":1,"featured_media":5371,"comment_status":"closed","ping_status":"closed","sticky":false,"template":"","format":"standard","meta":{"footnotes":""},"categories":[],"tags":[],"class_list":["post-5370","post","type-post","status-publish","format-standard","has-post-thumbnail","hentry"],"_links":{"self":[{"href":"https:\/\/www.festivalethnos.it\/index.php?rest_route=\/wp\/v2\/posts\/5370","targetHints":{"allow":["GET"]}}],"collection":[{"href":"https:\/\/www.festivalethnos.it\/index.php?rest_route=\/wp\/v2\/posts"}],"about":[{"href":"https:\/\/www.festivalethnos.it\/index.php?rest_route=\/wp\/v2\/types\/post"}],"author":[{"embeddable":true,"href":"https:\/\/www.festivalethnos.it\/index.php?rest_route=\/wp\/v2\/users\/1"}],"replies":[{"embeddable":true,"href":"https:\/\/www.festivalethnos.it\/index.php?rest_route=%2Fwp%2Fv2%2Fcomments&post=5370"}],"version-history":[{"count":3,"href":"https:\/\/www.festivalethnos.it\/index.php?rest_route=\/wp\/v2\/posts\/5370\/revisions"}],"predecessor-version":[{"id":5374,"href":"https:\/\/www.festivalethnos.it\/index.php?rest_route=\/wp\/v2\/posts\/5370\/revisions\/5374"}],"wp:featuredmedia":[{"embeddable":true,"href":"https:\/\/www.festivalethnos.it\/index.php?rest_route=\/wp\/v2\/media\/5371"}],"wp:attachment":[{"href":"https:\/\/www.festivalethnos.it\/index.php?rest_route=%2Fwp%2Fv2%2Fmedia&parent=5370"}],"wp:term":[{"taxonomy":"category","embeddable":true,"href":"https:\/\/www.festivalethnos.it\/index.php?rest_route=%2Fwp%2Fv2%2Fcategories&post=5370"},{"taxonomy":"post_tag","embeddable":true,"href":"https:\/\/www.festivalethnos.it\/index.php?rest_route=%2Fwp%2Fv2%2Ftags&post=5370"}],"curies":[{"name":"wp","href":"https:\/\/api.w.org\/{rel}","templated":true}]}}