{"id":6699,"date":"2018-09-25T20:17:46","date_gmt":"2018-09-25T18:17:46","guid":{"rendered":"http:\/\/www.festivalethnos.it\/?p=6699"},"modified":"2018-09-26T18:23:11","modified_gmt":"2018-09-26T16:23:11","slug":"6699","status":"publish","type":"post","link":"https:\/\/www.festivalethnos.it\/?p=6699","title":{"rendered":"Ndileka Mandela riceve il Premio Ethnos 2018"},"content":{"rendered":"<h2><img fetchpriority=\"high\" decoding=\"async\" class=\"aligncenone size-full wp-image-6701\" src=\"http:\/\/www.festivalethnos.it\/wp-content\/uploads\/2018\/09\/cd5ad1fd-0fca-47ae-ae0d-5deafd6d7917.jpg\" alt=\"\" width=\"1600\" height=\"1200\" srcset=\"https:\/\/www.festivalethnos.it\/wp-content\/uploads\/2018\/09\/cd5ad1fd-0fca-47ae-ae0d-5deafd6d7917.jpg 1600w, https:\/\/www.festivalethnos.it\/wp-content\/uploads\/2018\/09\/cd5ad1fd-0fca-47ae-ae0d-5deafd6d7917-300x225.jpg 300w, https:\/\/www.festivalethnos.it\/wp-content\/uploads\/2018\/09\/cd5ad1fd-0fca-47ae-ae0d-5deafd6d7917-768x576.jpg 768w, https:\/\/www.festivalethnos.it\/wp-content\/uploads\/2018\/09\/cd5ad1fd-0fca-47ae-ae0d-5deafd6d7917-690x518.jpg 690w, https:\/\/www.festivalethnos.it\/wp-content\/uploads\/2018\/09\/cd5ad1fd-0fca-47ae-ae0d-5deafd6d7917-280x210.jpg 280w, https:\/\/www.festivalethnos.it\/wp-content\/uploads\/2018\/09\/cd5ad1fd-0fca-47ae-ae0d-5deafd6d7917-720x540.jpg 720w\" sizes=\"(max-width: 1600px) 100vw, 1600px\" \/><\/h2>\n<h4>Il Premio Ethnos 2018 consegnato a Villa Bruno a San Giorgio a Cremano a Ndileka Mandela alla memoria di suo nonno dalle mani del Direttore artistico del Festival Gigi Di Luca.<\/h4>\n<p>&nbsp;<\/p>\n<h2><\/h2>\n<p>&#8220;Perch\u00e9 un premio alla memoria si Mandela? Ho seguito una strada che in questi anni mi ha sempre con foto verso il Sudafrica. Ho invitato Masekele e Makeba ai miei Festival, mi sono ritrovato a mettere in scena uno spettacolo Memorie di una Schiava ed ho scoperto dopo che l autore sra Sudafricano. Mi sono ritrovato ad esser inviato dall Ambasciatore Sudafricano lo scorso febbraio e poi sono andato a Milano e mi sono imbattuto per caso in un negozio con artigianato del sudafrica ho capito che le coincidenze erano troppe. il Premio Ethnos alla memoria di Nelson Mandela il cui credo sua nipote Nkileda Mandela porta per il mondo vuole ricordare anche Miriam Makeba scomparsa 10 anni fa a Castel Volturno. Infatti gioved\u00ec Ndileka Ma ndela andr\u00e0 li dove Makeba \u00e8 scomparsa il 9 Novembre del 2008.&#8221;<br \/>\nGigi Di Luca<\/p>\n<h2><\/h2>\n<p>&nbsp;<\/p>\n<h2>Discorso Ndileka Mandela alla consegna del Premio Ethnos 2018<\/h2>\n<p><strong>Terza edizione. Voluto ed ideato da Gigi Di Luca, in occasione del Festival Ethnos. Consegnato a Villa Bruno, San Giorgio a Cremano il 25 settembre 2018<\/strong><\/p>\n<p>\u201cVi far\u00f2 un ritratto\/\/ immaginate un\u2019isola poco lontano dalla costa, e dalla magnifica citt\u00e0 di Cape Town, \u00e8 un\u2019isola arida. Niente cresce sul suo suolo, neanche sulla sabbia, \u00e8 fatta di pietre bianche, calcaree\/\/<br \/>\nQuest\u2019isola era il posto dove venivano mandati i lebbrosi, persone considerate sporche e da evitare, gente che doveva essere allontanata dalla comunit\u00e0\/\/. L\u2019isola di Robben, (Robben Island) divent\u00f2 il luogo dove veniva mandato anche chi era indesiderato dal regime dell\u2019apartheid\/\/. Coloro che rappresentavano una minaccia\/\/ uomini coraggiosi come Robert Sobukwe , Walter Sisulu, Andrew Mlangheni , Nelson Mandela e molti altri.\/\/ Trascorrevano le loro giornate seduti a terra a scheggiare pietre bianche con un martello. Fu questo tipo di attivit\u00e0 che caus\u00f2 a mio nonno gravi problemi di vista, le pietre abbagliavano.\/\/ Noi Africani, come voi italiani siamo gente di grandi passioni, amiamo il ritmo e soprattutto vogliamo essere liberi di cantare, ballare e ridere,\/\/ cantiamo quando siamo tristi \/\/ e cantiamo quando siamo felici, \/\/ cantiamo quando lodiamo, e anche quando siamo in lutto.\/\/ Immaginate una vita senza musica e senza danza\u2026\/\/ Immaginate di non poter vedere la \u201cTable Mountain\u201d dalla finestra della cella, perch\u00e9 i tuoi carcerieri vogliono privarti anche solo di uno spicchio di bellezza\/\/ Mio nonno \u00e8 stato costretto a vivere a Robben Island senza poter cantare, ascoltare musica o danzare per 17 anni \/\/ Io da piccola non ho mai potuto sentire mio nonno cantare per me la ninna nanna o raccontarmi delle storie, come \u00e8 tradizione da noi, ho profondamente desiderato avere anche solo un suo \u201cbuonanotte\u201d ma non \u00e8 mai stato possibile\/\/. Mio nonno spesso mi diceva che avere la possibilit\u00e0 solamente di sentire un bambino ridere gli avrebbe colmato il cuore di gioia, mentre era l\u00ec a Robben Island\/\/. Su quella isola arida, quando scoccavano le 5 del pomeriggio si sentiva il rumore delle celle che sbattevano per essere serrate e poi nient\u2019altro, scendeva solo un silenzio di morte\/\/ da questo silenzio pian piano si levava il flebile canto dei prigionieri, anche mio nonno cantava, pur essendo stonato.\/\/ Cantavano s\u00ec per dimenticare le loro sofferenze\/\/ per ricordare le famiglie che avevano lasciato\/\/ ma soprattutto volevano dire alla gente: reagite, lottiamo per la nostra libert\u00e0\/\/. Il canto era ci\u00f2 che ci univa durante gli anni dell\u2019apartheid \/\/ I canti di liberazione riecheggiavano nei quartieri neri.\/\/ Durante la campagna di liberazione di Mandela, negli anni \u201980, bianchi e neri intonavano cori insieme e cantavano a \u201cA luta continue\u201d di Mama Miriam (Makeba), canzone di grande importanza ancora oggi come 30 anni fa\/\/. Mio nonno amava ballare. Non era un gran ballerino ma ogni volta che si presentava un\u2019occasione lui iniziava a danzare.\/\/ Anche in presenza di centinaia di migliaia di persone a Wembley, con Johnny Clegg, lui sal\u00ec sul palco ed inizi\u00f2 a ballare il suo Madiba Jive.\/\/ ormai conosciuto ovunque come la danza di Mandela.\/\/Mio nonno era convinto che la musica come lo sport poteva unire le persone\/\/ .Tutti sanno apprezzare una bella canzone, non importa in quale lingua sia cantata\/\/. Bastava una buona musica per spingerlo a danzare e cantare\/\/. Dopo la sua liberazione inizi\u00f2 ad interessarsi particolarmente alla musica del Sud Africa. Aveva compreso il ruolo importante che la musica avrebbe potuto giocare nel calmare le tensioni politiche, dando contemporaneamente alla nuova democrazia uno strumento per unire il popolo\/\/. E\u2019stato molto difficile crescere senza un padre e senza un nonno\/\/ Mio padre, Thembekile, il primogenito di Nelson Mandela, mor\u00ec all\u2019et\u00e0 di 24 anni in un incidente stradale\/\/ nello stesso incidente mor\u00ec anche un turista italiano, di cui sto cercando gli eredi, i familiari\/\/.<br \/>\nQuand\u2019ero bambina mi parlavano molto di mio nonno, Nelson Mandela, ma per me \u00e8 diventato una persona reale solo dopo la mia prima visita a Robben Island, quando avevo 16 anni\/\/Ero una giovane donna terrificata e fui accompagnata al traghetto per l\u2019isola da mia nonna\/\/ da sola arrivai in quella fredda e vuota sala d\u2019accoglienza, mio nonno era dietro ad un vetro che ci separava, nessun bacio, nessun abbraccio\/\/. Io ero l\u00ec solo una giovane donna che guardava negli occhi Nelson Mandela. \/\/ La prima volta che mi vide i suoi occhi erano pieni di tristezza\/\/ Scrut\u00f2 direttamente la mia anima.\/\/ In me vide il suo amato figlio ma anche la nuova generazione dei Mandela.\/\/ Subito si rese conto del mio disagio e mi chiese due cose: \u201cVai bene a scuola? Hai un fidanzato?\u201d\/\/ La mia risposta fu: \u201cSi nonno\u201d e \u201cNo nonno\u201d\/\/. Mio nonno ha messo gli interessi del Sud Africa e del popolo africano prima di ogni cosa.\/\/ Lui, con i suoi compagni di prigione e di partito, aveva un obiettivo: sconfiggere le ingiustizie dell\u2019apartheid a tutti i costi\/\/ Era pronto a morire per questa causa.\/\/<br \/>\nMi sento davvero privilegiata ed onorata, perch\u00e9 dopo la sua liberazione ho trascorso molto tempo con lui \/\/. Durante questo periodo ho provato pi\u00f9 volte a chiedergli di mio padre. Mi sono resa conto che il dolore di non aver potuto seppellire suo figlio era per\u00f2 troppo grande\/\/. In me, che sono la prima nipote, Madiba ha instillato quel senso di responsabilit\u00e0 che mi porta a tramandare la sua memoria e quella di mio padre\/\/.<br \/>\nMadiba nutriva un grande rispetto per le donne.\/\/ E, se mi posso permettere, le donne lo amavano molto.\/\/ Aveva un tale fascino\u2026 \/\/ Ho visto attrici famose, capi di stato e persino principesse incantate dal suo charme\/\/ Ma cosa fondamentale \u00e8 che Mandela rispettava i diritti delle donne.<br \/>\nIo sono Ndileka Mandela \/\/ \u00e8 mia responsabilit\u00e0 diffondere nel mondo il credo di mio padre e di mio nonno\/\/ Mio padre non c\u2019era per poter raccogliere la saggezza di Madiba, io s\u00ec.\/\/ Il rispetto \u00e8 stato fondamentale per mio nonno. Lui ha rispettato i suoi amici ed i suoi nemici.\/\/ Rispettava le donne, i bambini, i vecchi e gli infermi. Lui ci ha insegnato che attraverso il dialogo qualsiasi ostacolo pu\u00f2 essere superato.\/\/ Non abbiate paura di quello che non sapete o non capite, aprite un dialogo e potreste essere sorpresi da quanto c\u2019\u00e8 da imparare da chi credete vostri nemici\/\/ Io so che mio nonno ha imparato tanto da chi la pensava diversamente da lui\/\/ Mio nonno credeva nel trovare un accordo nel disaccordo\/\/.<br \/>\nLa Costituzione del Sud Africana \u00e8 considerata una delle pi\u00f9 emancipate del mondo\/\/. Non sarebbe mai potuto nascere un Sud Africa libero e democratico se i suoi leader non fossero stati capaci di dialogare\/\/. A nome della mia famiglia io voglio ringraziare di cuore Gigi Di Luca e tutti voi per il Premio Ethnos alla memoria di mio nonno.\/\/ C\u2019\u00e8 un Nelson Mandela in ognuno di noi , cerchiamolo, per noi stessi e per la vostra bella Italia.\u201d<\/p>\n<p>&nbsp;<\/p>\n<hr \/>\n<p>&nbsp;<\/p>\n<h2>Ms.Ndileka Mandela Speech Ethnos Festival<\/h2>\n<p>Buonasera<br \/>\nI am going to paint you a picture\/\/ . Imagine an island just off the magnificent city of Cape Town . It is a barren island . Nothing grows on it. It\u2019s sand is sterile, it\u2019s stone is white lime. \/\/<br \/>\nThe island was the place where lepers were banned to , they were considered dirty, they had to be removed from society.\/\/<br \/>\nRobben Island later became the place where the unwanted were sent by the apartheid regime. \/\/ Those who posed a threat. \/\/ Those brave men, Robert Sobukwe, Walter Sisulu, Andrew Mlangeni Nelson Mandela and many many others\/\/. They spent their days chipping away the white lime stone , this resulted in my grandfather suffering from bad eyesight all his adult life. \/\/<br \/>\nUs Africans, like you Italians are people of passion, of love , of Rthymns and above all we want to be free to sing, to dance and to laugh. \/\/ We sing when we are sad \/\/, we sing when we are happy. \/\/<br \/>\nWe sing when we praise and when we mourn. \/\/<br \/>\nImagine a life without music and dance\/\/. Imagine not being able to see the beautiful Table Mountain from your cell window because your captures did not want you to see anything beautiful. \/\/My grandfather lived without music for 17 years on Robben Island\/\/. I never had the priceless experience of my NONNO singing to me, nor my NONNO telling me stories around the fire n or saying \u201c Buonanotte\u201d \/\/ my grandfather often told me that what he missed most on Robben Island was the sound of the laughter of children. \/\/<br \/>\nOn Robben Island When the last door banged shut at 5 pm in the evening the deadly silence of the prison walls descended\/\/ , then slowly the soft sounds of the prisoners singing and humming were heard. \/\/They would sing to forget their sorrow ,\/\/ to remember their beloved wives and children they had left behind \/\/but above all their songs communicated to a nation to rise up and fight for freedom. \/\/<br \/>\nSong, was what bound us together during the apartheid years. \/\/The liberation tunes were heard blaring in out townships\/\/. During the \u201c Free Mandela\u201d Campaign our freedom songs were sung at rallies by black and white students who demanded change.\/\/ A Lotta Continua of Mamma Miriam is relevant today as it was 30 years ago. \/\/<br \/>\nMy grandfather loved to dance ,\/\/ he wasn\u2019t very good at it but whenever he could he would dance.\/\/ Even infront of hundreds of thousand of people in Wembley with Johnny Clegg he would come on stage and do his Madiba jive. It\u2019s become quite famous. \/\/<br \/>\nMy grandfather believed that music like sport United people. \/\/ A beautiful melody can be appreciated by anyone, no matter in what language it is sung.. \/\/ Give him a great melody and he would smile and sing along.\/\/ After his release he took a particular interest in South African music. He understood the importance that music would play in calming a volatile political transition and at the same time giving a new democracy new songs that would bind us together\/\/<br \/>\nIt was extremely difficult to grow up without a father and grandfather.\/\/ My father Thembekile, Nelson Mandela eldest son died at the age of 24 in a car accident. An Italian tourist also lost his life. \/\/ While growing up I was told about my NONNO Nelson Mandela but he wasn\u2019t real to me until my first visit to Robben Island at the age of 16. \/\/<br \/>\nI was a terrified young woman who was accompanied to the ferry for Robben Island by my Nonna \/\/ Alone, I arrived in an empty cold waiting room to see Nelson Mandela my NONNO sitting behind a glass panel\/\/. No hugs no kiss.\/\/ Just a young woman looking into the eyes of Nelson Mandela.\/\/ That first time, when he looked at me his eyes were filled with sadness\/\/. They looked deep into my soul\/\/. In me he saw his beloved son but he also saw the next Mandela generation\/\/ . However in typical Nelson manner he understood my discomfort and he asked me 2 things \u201c are you doing well at school ? And do you have a boyfriend?\/\/ My answers were \u201c Si NONNO and No NONNO\u201d \/\/<br \/>\nMy grandfather put the interests of South Africans before anyone or anything\/\/ . He had a vision and together with his comrades in prison and in the revolutionary system they were determined to overcome the injustices of apartheid at all costs \/\/ . He was prepared to die for his principles. \/\/<br \/>\nI was extremely honored to have spent plenty of time with my grandfather after his release from prison\/\/. During this time I tried to ask him about my father but I soon realized that the memory of the pain of not being allowed to bury his son was too painful for him. \/\/ In me,his eldest grandchild Madiba instilled the responsibility to take his legacy and that of my father forward.\/\/<br \/>\nMadiba was a man who had the utmost respect for women.\/\/ And might I add the women loved him.\/\/ He had such charm. \/\/ I saw famous actresses, heads of state and even princesses being absolutely enchanted by his charisma\/\/ but fundamental is that Nelson Mandela respected the rights of women, \/\/<br \/>\nI am Ndileka Mandela\/\/. It is my responsibility to carry the legacy of my father and grandfather to the world\/\/. My father was not there to receive Madiba wisdom , but I was. \/\/Respect was fundamental in my grandfather character. He respected his friends and his enemies\/\/. He respected women, children, the elderly and the inferm. \/\/He taught us that with respect and dialogue any obstacle can be overcome.\/\/ Don\u2019t be afraid of what you do not know or understand. Start a dialogue you might be surprised at what you might learn from people who you perceive as your enemies\/\/. He learned a lot from people that disagreed with him \/\/ My grandfather believed that is was ok to agree to disagree .\/\/<br \/>\nThe South African Constitution is regarded as one of the most advanced in the world. \/\/How would the birth of a free and democratic South Africa come about if our leaders hadn\u2019t respected one another in dialogue? \/\/<br \/>\nOn behalf of my family, thank you to Gigi Di Luca for the award PREMIO ETHNOS for my NONNO \/\/<br \/>\nThere is a Nelson Mandela in each one of us\/\/ go and search for it\/\/ if not for you \/\/ but for the bellissima Italia.<\/p>\n<p>&nbsp;<\/p>\n<div id='gallery-1' class='gallery galleryid-6699 gallery-columns-3 gallery-size-large'><figure class='gallery-item'>\n\t\t\t<div class='gallery-icon landscape'>\n\t\t\t\t<a href='https:\/\/www.festivalethnos.it\/?attachment_id=6705'><img decoding=\"async\" width=\"690\" height=\"518\" src=\"https:\/\/www.festivalethnos.it\/wp-content\/uploads\/2018\/09\/cd5ad1fd-0fca-47ae-ae0d-5deafd6d7917-1-690x518.jpg\" class=\"attachment-large size-large\" alt=\"\" srcset=\"https:\/\/www.festivalethnos.it\/wp-content\/uploads\/2018\/09\/cd5ad1fd-0fca-47ae-ae0d-5deafd6d7917-1-690x518.jpg 690w, https:\/\/www.festivalethnos.it\/wp-content\/uploads\/2018\/09\/cd5ad1fd-0fca-47ae-ae0d-5deafd6d7917-1-300x225.jpg 300w, https:\/\/www.festivalethnos.it\/wp-content\/uploads\/2018\/09\/cd5ad1fd-0fca-47ae-ae0d-5deafd6d7917-1-768x576.jpg 768w, https:\/\/www.festivalethnos.it\/wp-content\/uploads\/2018\/09\/cd5ad1fd-0fca-47ae-ae0d-5deafd6d7917-1-280x210.jpg 280w, https:\/\/www.festivalethnos.it\/wp-content\/uploads\/2018\/09\/cd5ad1fd-0fca-47ae-ae0d-5deafd6d7917-1-720x540.jpg 720w, https:\/\/www.festivalethnos.it\/wp-content\/uploads\/2018\/09\/cd5ad1fd-0fca-47ae-ae0d-5deafd6d7917-1.jpg 1600w\" sizes=\"(max-width: 690px) 100vw, 690px\" \/><\/a>\n\t\t\t<\/div><\/figure><figure class='gallery-item'>\n\t\t\t<div class='gallery-icon landscape'>\n\t\t\t\t<a href='https:\/\/www.festivalethnos.it\/?attachment_id=6706'><img decoding=\"async\" width=\"690\" height=\"518\" src=\"https:\/\/www.festivalethnos.it\/wp-content\/uploads\/2018\/09\/5d2038e9-4c85-4ca7-8c63-c37ec48e1d3d-690x518.jpg\" class=\"attachment-large size-large\" alt=\"\" srcset=\"https:\/\/www.festivalethnos.it\/wp-content\/uploads\/2018\/09\/5d2038e9-4c85-4ca7-8c63-c37ec48e1d3d-690x518.jpg 690w, https:\/\/www.festivalethnos.it\/wp-content\/uploads\/2018\/09\/5d2038e9-4c85-4ca7-8c63-c37ec48e1d3d-300x225.jpg 300w, https:\/\/www.festivalethnos.it\/wp-content\/uploads\/2018\/09\/5d2038e9-4c85-4ca7-8c63-c37ec48e1d3d-768x576.jpg 768w, https:\/\/www.festivalethnos.it\/wp-content\/uploads\/2018\/09\/5d2038e9-4c85-4ca7-8c63-c37ec48e1d3d-280x210.jpg 280w, https:\/\/www.festivalethnos.it\/wp-content\/uploads\/2018\/09\/5d2038e9-4c85-4ca7-8c63-c37ec48e1d3d-720x540.jpg 720w, https:\/\/www.festivalethnos.it\/wp-content\/uploads\/2018\/09\/5d2038e9-4c85-4ca7-8c63-c37ec48e1d3d.jpg 1600w\" sizes=\"(max-width: 690px) 100vw, 690px\" \/><\/a>\n\t\t\t<\/div><\/figure><figure class='gallery-item'>\n\t\t\t<div class='gallery-icon landscape'>\n\t\t\t\t<a href='https:\/\/www.festivalethnos.it\/?attachment_id=6707'><img loading=\"lazy\" decoding=\"async\" width=\"690\" height=\"518\" src=\"https:\/\/www.festivalethnos.it\/wp-content\/uploads\/2018\/09\/8bec1497-5e52-4771-8dc9-f41cf9f2773f-690x518.jpg\" class=\"attachment-large size-large\" alt=\"\" srcset=\"https:\/\/www.festivalethnos.it\/wp-content\/uploads\/2018\/09\/8bec1497-5e52-4771-8dc9-f41cf9f2773f-690x518.jpg 690w, https:\/\/www.festivalethnos.it\/wp-content\/uploads\/2018\/09\/8bec1497-5e52-4771-8dc9-f41cf9f2773f-300x225.jpg 300w, https:\/\/www.festivalethnos.it\/wp-content\/uploads\/2018\/09\/8bec1497-5e52-4771-8dc9-f41cf9f2773f-768x576.jpg 768w, https:\/\/www.festivalethnos.it\/wp-content\/uploads\/2018\/09\/8bec1497-5e52-4771-8dc9-f41cf9f2773f-280x210.jpg 280w, https:\/\/www.festivalethnos.it\/wp-content\/uploads\/2018\/09\/8bec1497-5e52-4771-8dc9-f41cf9f2773f-720x540.jpg 720w, https:\/\/www.festivalethnos.it\/wp-content\/uploads\/2018\/09\/8bec1497-5e52-4771-8dc9-f41cf9f2773f.jpg 1600w\" sizes=\"(max-width: 690px) 100vw, 690px\" \/><\/a>\n\t\t\t<\/div><\/figure><figure class='gallery-item'>\n\t\t\t<div class='gallery-icon landscape'>\n\t\t\t\t<a href='https:\/\/www.festivalethnos.it\/?attachment_id=6708'><img loading=\"lazy\" decoding=\"async\" width=\"690\" height=\"518\" src=\"https:\/\/www.festivalethnos.it\/wp-content\/uploads\/2018\/09\/1237310c-9714-4510-9b67-fa6c9cd05a18-690x518.jpg\" class=\"attachment-large size-large\" alt=\"\" srcset=\"https:\/\/www.festivalethnos.it\/wp-content\/uploads\/2018\/09\/1237310c-9714-4510-9b67-fa6c9cd05a18-690x518.jpg 690w, https:\/\/www.festivalethnos.it\/wp-content\/uploads\/2018\/09\/1237310c-9714-4510-9b67-fa6c9cd05a18-300x225.jpg 300w, https:\/\/www.festivalethnos.it\/wp-content\/uploads\/2018\/09\/1237310c-9714-4510-9b67-fa6c9cd05a18-768x576.jpg 768w, https:\/\/www.festivalethnos.it\/wp-content\/uploads\/2018\/09\/1237310c-9714-4510-9b67-fa6c9cd05a18-280x210.jpg 280w, https:\/\/www.festivalethnos.it\/wp-content\/uploads\/2018\/09\/1237310c-9714-4510-9b67-fa6c9cd05a18-720x540.jpg 720w, https:\/\/www.festivalethnos.it\/wp-content\/uploads\/2018\/09\/1237310c-9714-4510-9b67-fa6c9cd05a18.jpg 1600w\" sizes=\"(max-width: 690px) 100vw, 690px\" \/><\/a>\n\t\t\t<\/div><\/figure><figure class='gallery-item'>\n\t\t\t<div class='gallery-icon landscape'>\n\t\t\t\t<a href='https:\/\/www.festivalethnos.it\/?attachment_id=6709'><img loading=\"lazy\" decoding=\"async\" width=\"690\" height=\"518\" src=\"https:\/\/www.festivalethnos.it\/wp-content\/uploads\/2018\/09\/b57b36f9-317f-44fb-a773-a075a4340180-690x518.jpg\" class=\"attachment-large size-large\" alt=\"\" srcset=\"https:\/\/www.festivalethnos.it\/wp-content\/uploads\/2018\/09\/b57b36f9-317f-44fb-a773-a075a4340180-690x518.jpg 690w, https:\/\/www.festivalethnos.it\/wp-content\/uploads\/2018\/09\/b57b36f9-317f-44fb-a773-a075a4340180-300x225.jpg 300w, https:\/\/www.festivalethnos.it\/wp-content\/uploads\/2018\/09\/b57b36f9-317f-44fb-a773-a075a4340180-768x576.jpg 768w, https:\/\/www.festivalethnos.it\/wp-content\/uploads\/2018\/09\/b57b36f9-317f-44fb-a773-a075a4340180-280x210.jpg 280w, https:\/\/www.festivalethnos.it\/wp-content\/uploads\/2018\/09\/b57b36f9-317f-44fb-a773-a075a4340180-720x540.jpg 720w, https:\/\/www.festivalethnos.it\/wp-content\/uploads\/2018\/09\/b57b36f9-317f-44fb-a773-a075a4340180.jpg 1600w\" sizes=\"(max-width: 690px) 100vw, 690px\" \/><\/a>\n\t\t\t<\/div><\/figure>\n\t\t<\/div>\n\n<p><iframe width=\"560\" height=\"315\" src=\"https:\/\/www.youtube.com\/embed\/MgbA5fdKCWM\" frameborder=\"0\" allow=\"autoplay; encrypted-media\" allowfullscreen><\/iframe><\/p>\n","protected":false},"excerpt":{"rendered":"<p>Il Premio Ethnos 2018 consegnato a Villa Bruno a San Giorgio a Cremano a Ndileka Mandela alla memoria di suo nonno dalle mani del Direttore artistico del Festival Gigi Di Luca. &nbsp; &#8220;Perch\u00e9 un premio alla memoria si Mandela? Ho seguito una strada che in questi anni mi ha sempre con foto verso il Sudafrica.&hellip;<\/p>\n","protected":false},"author":1,"featured_media":6701,"comment_status":"closed","ping_status":"closed","sticky":false,"template":"","format":"standard","meta":{"footnotes":""},"categories":[],"tags":[],"class_list":["post-6699","post","type-post","status-publish","format-standard","has-post-thumbnail","hentry"],"_links":{"self":[{"href":"https:\/\/www.festivalethnos.it\/index.php?rest_route=\/wp\/v2\/posts\/6699","targetHints":{"allow":["GET"]}}],"collection":[{"href":"https:\/\/www.festivalethnos.it\/index.php?rest_route=\/wp\/v2\/posts"}],"about":[{"href":"https:\/\/www.festivalethnos.it\/index.php?rest_route=\/wp\/v2\/types\/post"}],"author":[{"embeddable":true,"href":"https:\/\/www.festivalethnos.it\/index.php?rest_route=\/wp\/v2\/users\/1"}],"replies":[{"embeddable":true,"href":"https:\/\/www.festivalethnos.it\/index.php?rest_route=%2Fwp%2Fv2%2Fcomments&post=6699"}],"version-history":[{"count":16,"href":"https:\/\/www.festivalethnos.it\/index.php?rest_route=\/wp\/v2\/posts\/6699\/revisions"}],"predecessor-version":[{"id":6736,"href":"https:\/\/www.festivalethnos.it\/index.php?rest_route=\/wp\/v2\/posts\/6699\/revisions\/6736"}],"wp:featuredmedia":[{"embeddable":true,"href":"https:\/\/www.festivalethnos.it\/index.php?rest_route=\/wp\/v2\/media\/6701"}],"wp:attachment":[{"href":"https:\/\/www.festivalethnos.it\/index.php?rest_route=%2Fwp%2Fv2%2Fmedia&parent=6699"}],"wp:term":[{"taxonomy":"category","embeddable":true,"href":"https:\/\/www.festivalethnos.it\/index.php?rest_route=%2Fwp%2Fv2%2Fcategories&post=6699"},{"taxonomy":"post_tag","embeddable":true,"href":"https:\/\/www.festivalethnos.it\/index.php?rest_route=%2Fwp%2Fv2%2Ftags&post=6699"}],"curies":[{"name":"wp","href":"https:\/\/api.w.org\/{rel}","templated":true}]}}