{"id":6720,"date":"2018-09-26T18:20:57","date_gmt":"2018-09-26T16:20:57","guid":{"rendered":"http:\/\/www.festivalethnos.it\/?p=6720"},"modified":"2018-09-26T18:20:57","modified_gmt":"2018-09-26T16:20:57","slug":"la-nipote-di-nelson-mandela-incontra-scuole-e-istituzioni","status":"publish","type":"post","link":"https:\/\/www.festivalethnos.it\/?p=6720","title":{"rendered":"La nipote di Nelson Mandela incontra scuole e istituzioni"},"content":{"rendered":"<p>Mercoled\u00ec 26 settembre, alle ore 13.30, presso la sala Nassiriya del Consiglio regionale, la Presidente Rosa D\u2019Amelio ricever\u00e0 Ndileka Mandela, nipote del leader sudafricano Neson Mandela, a Napoli per ritirare il premio del festival \u201cEthnos\u201d. Al centro dell\u2019incontro istituzionale i temi su cui da anni \u00e8 impegnata Mandela: l\u2019educazione, la violenza sulle donne, la lotta al razzismo e le ingiustizie sociali.<br \/>\nDomani Gioved\u00ec 27 Ndileka Mandela sar\u00e0 presso il Centro Fernandes di Castelvolturno. In mattinata poi si sposter\u00e0 a Villaggio Coppola per visitare una mostra realizzata da alcuni immigrati in un istituto a Villaggio Coppola.<\/p>\n<div id='gallery-1' class='gallery galleryid-6720 gallery-columns-3 gallery-size-thumbnail'><figure class='gallery-item'>\n\t\t\t<div class='gallery-icon portrait'>\n\t\t\t\t<a href='https:\/\/www.festivalethnos.it\/?attachment_id=6725'><img decoding=\"async\" width=\"150\" height=\"150\" src=\"https:\/\/www.festivalethnos.it\/wp-content\/uploads\/2018\/09\/5-150x150.jpg\" class=\"attachment-thumbnail size-thumbnail\" alt=\"\" \/><\/a>\n\t\t\t<\/div><\/figure><figure class='gallery-item'>\n\t\t\t<div class='gallery-icon portrait'>\n\t\t\t\t<a href='https:\/\/www.festivalethnos.it\/?attachment_id=6729'><img decoding=\"async\" width=\"150\" height=\"150\" src=\"https:\/\/www.festivalethnos.it\/wp-content\/uploads\/2018\/09\/9-150x150.jpg\" class=\"attachment-thumbnail size-thumbnail\" alt=\"\" \/><\/a>\n\t\t\t<\/div><\/figure>\n\t\t<\/div>\n\n","protected":false},"excerpt":{"rendered":"<p>Mercoled\u00ec 26 settembre, alle ore 13.30, presso la sala Nassiriya del Consiglio regionale, la Presidente Rosa D\u2019Amelio ricever\u00e0 Ndileka Mandela, nipote del leader sudafricano Neson Mandela, a Napoli per ritirare il premio del festival \u201cEthnos\u201d. Al centro dell\u2019incontro istituzionale i temi su cui da anni \u00e8 impegnata Mandela: l\u2019educazione, la violenza sulle donne, la lotta&hellip;<\/p>\n","protected":false},"author":1,"featured_media":6730,"comment_status":"closed","ping_status":"closed","sticky":false,"template":"","format":"standard","meta":{"footnotes":""},"categories":[],"tags":[],"class_list":["post-6720","post","type-post","status-publish","format-standard","has-post-thumbnail","hentry"],"_links":{"self":[{"href":"https:\/\/www.festivalethnos.it\/index.php?rest_route=\/wp\/v2\/posts\/6720","targetHints":{"allow":["GET"]}}],"collection":[{"href":"https:\/\/www.festivalethnos.it\/index.php?rest_route=\/wp\/v2\/posts"}],"about":[{"href":"https:\/\/www.festivalethnos.it\/index.php?rest_route=\/wp\/v2\/types\/post"}],"author":[{"embeddable":true,"href":"https:\/\/www.festivalethnos.it\/index.php?rest_route=\/wp\/v2\/users\/1"}],"replies":[{"embeddable":true,"href":"https:\/\/www.festivalethnos.it\/index.php?rest_route=%2Fwp%2Fv2%2Fcomments&post=6720"}],"version-history":[{"count":1,"href":"https:\/\/www.festivalethnos.it\/index.php?rest_route=\/wp\/v2\/posts\/6720\/revisions"}],"predecessor-version":[{"id":6731,"href":"https:\/\/www.festivalethnos.it\/index.php?rest_route=\/wp\/v2\/posts\/6720\/revisions\/6731"}],"wp:featuredmedia":[{"embeddable":true,"href":"https:\/\/www.festivalethnos.it\/index.php?rest_route=\/wp\/v2\/media\/6730"}],"wp:attachment":[{"href":"https:\/\/www.festivalethnos.it\/index.php?rest_route=%2Fwp%2Fv2%2Fmedia&parent=6720"}],"wp:term":[{"taxonomy":"category","embeddable":true,"href":"https:\/\/www.festivalethnos.it\/index.php?rest_route=%2Fwp%2Fv2%2Fcategories&post=6720"},{"taxonomy":"post_tag","embeddable":true,"href":"https:\/\/www.festivalethnos.it\/index.php?rest_route=%2Fwp%2Fv2%2Ftags&post=6720"}],"curies":[{"name":"wp","href":"https:\/\/api.w.org\/{rel}","templated":true}]}}