{"id":7180,"date":"2019-09-12T13:55:48","date_gmt":"2019-09-12T11:55:48","guid":{"rendered":"http:\/\/www.festivalethnos.it\/?p=7180"},"modified":"2019-09-12T14:24:34","modified_gmt":"2019-09-12T12:24:34","slug":"la-nipote-di-nelson-mandela-incontra-scuole-e-istituzioni-2","status":"publish","type":"post","link":"https:\/\/www.festivalethnos.it\/?p=7180","title":{"rendered":"Chicuelo aprir\u00e0 la XXIV Edizione del Festival Ethnos"},"content":{"rendered":"<p><img fetchpriority=\"high\" decoding=\"async\" class=\"alignnone wp-image-7181 size-full\" src=\"http:\/\/www.festivalethnos.it\/wp-content\/uploads\/2019\/09\/1111.jpg\" alt=\"\" width=\"1024\" height=\"642\" srcset=\"https:\/\/www.festivalethnos.it\/wp-content\/uploads\/2019\/09\/1111.jpg 1024w, https:\/\/www.festivalethnos.it\/wp-content\/uploads\/2019\/09\/1111-300x188.jpg 300w, https:\/\/www.festivalethnos.it\/wp-content\/uploads\/2019\/09\/1111-768x482.jpg 768w, https:\/\/www.festivalethnos.it\/wp-content\/uploads\/2019\/09\/1111-690x433.jpg 690w, https:\/\/www.festivalethnos.it\/wp-content\/uploads\/2019\/09\/1111-720x451.jpg 720w\" sizes=\"(max-width: 1024px) 100vw, 1024px\" \/><\/p>\n<p><strong>In concerto Sabato 14 Settembre a Villa Vannucchi<\/strong><\/p>\n<p>La chitarra flamenco di Cichuelo, accompagnato sul palco dalla sua band, aprir\u00e0 la XXIV Edizione del Festival Ethnos.<br \/>\nL\u2019artista di Barcellona sar\u00e0 in concerto all&#8217;Arena di Villa Vannucchi in C.so Roma 47 a S. Giorgio a Cremano (NA), comune capofila della nostra kermesse dedicata alla musica etnica. L\u2019ingresso, come da tradizione in tutte le nostre attivit\u00e0, sar\u00e0 libero fino ad esaurimento posti disponibili.<\/p>\n<p>Juan G\u00f3mez &#8220;Chicuelo&#8221; \u00e8 uno dei pi\u00f9 importanti chitarristi dell&#8217;attuale scena flamenco e, allo stesso tempo, uno dei cantautori pi\u00f9 prolifici e interessanti.<\/p>\n<p>Comincia a Cornell\u00e0 de Llobregat all&#8217;et\u00e0 di 12 anni con Casimiro Gonz\u00e1lez, una delle chitarre flamenco pi\u00f9 rinomate<br \/>\nliutai al giorno d&#8217;oggi. Ha lavorato nel Tablao de Carmen con Mario Escudero, Angelita Vargas, La Tolea, Yerbabuena, Sara Baras, Adri\u00e1n Galia, Bel\u00e9n Maya, Antonio &#8220;El Pipa&#8221; e Joaquin Grilo tra gli altri. Ha accompagnato voci flamenco come Enrique Morente, Miguel Poveda, Duquende, Mayte Mart\u00edn, Rancapino, Chano Lobato, Jos\u00e9 Merc\u00e9, El Cigala, Potito e Carmen Linares.<\/p>\n<p>Ha anche condiviso il palcoscenico con musicisti come Chano Dom\u00ednguez, Carles Benavent, Jorge Pardo, Jordi Bonell, Raynald Colom, ecc. e ha collaborato con la pianista Maria Jo\u00e3o Pires.<br \/>\nNel 1996 forma e dirige il gruppo Cambalache, con il quale ha un grande riconoscimento.<\/p>\n<p>\u00c8 anche membro del gruppo Guitarras Mestizas, con il quale ha registrato due album. Ha prodotto i dischi del Siento (Harmonia Mundi, 1997) e Oscuri\u00e1 (Harmonia Mundi, 1998), di Ginesa Ortega; Suena Flamenco (Harmonia Mundi, 1998) e Zagu\u00e1n (Harmonia Mundi, 2001), di Miguel Poveda; Linaje, di Juaneke (Harmonia Mundi, 2002); Mi forma de vivir (K-Industria, 2005), di Duquende; e il primo record di Jos\u00e9 Antonio Mart\u00edn &#8216;Salao&#8217;. Ha contribuito alle registrazioni con Tomatito, Duquende, Mayte Mart\u00edn, Ginesa Ortega, Joan Manuel Serrat, La Vargas Blues Band, Antonio Carmona e Jordi Bonell.<\/p>\n<p>Nel 2000 pubblica il suo primo disco come solista e con il suo repertorio, C\u00f3mplices (Harmonia Mundi), che si esibisce dal vivo in tutta la Spagna. Questo pezzo viene insignito del premio per la migliore chitarra flamenco solista ai premi Flamenco Hoy. Nel 2007 pubblica il suo secondo disco Diapasi\u00f3n (Flamenco Records), vincitore del miglior disco per solista di chitarra al Flamenco Hoy, e conduce numerosi tour sia a livello nazionale<br \/>\ne a livello internazionale.<\/p>\n<p>Ha lavorato per le compagnie di danza flamenco degli artisti pi\u00f9 famosi: Antonio Canales, Joaqu\u00edn Cort\u00e9s e Israel Galv\u00e1n, con i quali ha collaborato alle opere La Metamorfosis (2000)<br \/>\ne Torero Alucin\u00f3geno (2004) ed \u00e8 anche chitarrista per lo spettacolo Lo Real \/ Le R\u00e9el \/ The Real, portato in scena per la prima volta nel 2012 al Teatro Real di Madrid.<\/p>\n<p>Dal 2003 dirige anche la musica della compagnia di danza Somorrostro Dansa Flamenca, prodotta dal Taller de M\u00fasics, dove compone le opere: Andanzas e Inconnexus XXI, quest&#8217;ultimo in collaborazione con Enric Palomar e con<br \/>\ncoreografia di Javier Latorre. \u00c8 anche direttore del musical Tarantos, 2004, diretto da Emilio Hern\u00e1ndez e con la coreografia di Javier Latorre.<\/p>\n<p>Nel mondo della cinematografia compone parte della musica per l&#8217;ultimo film di Orson Welles, El Quijote (1992) e Blancanives di Pablo Berger (2012). Ha partecipato e diretto le produzioni Qawwali Flamenco (2003), con Miguel Poveda, Duquende e Faiz Ali Faiz; La Leyenda del Tiempo, 30 anni fa (2009), con Duquende, Rafaela Carrasco e Silvia P\u00e9rez Cruz, tra gli altri; e Pansori incontra Flamenco (2012), con Soojung Chae e Duquende.<\/p>\n<p>\u00c8 anche richiesto come chitarrista nelle produzioni Cante y Orquesta (2004) con Miguel Poveda, Joan Albert Amargos, Israel Galv\u00e1n e Orquesta Sinf\u00f3nica de Barcelona e Nacional de Catalunya; Desgla\u00e7 (2005), di Miguel Poveda, e Els treballs i els dies (2007), di Maria del Mar Bonet e Miguel Poveda.<\/p>\n<p>\u00c8 chitarrista per, tra gli altri, Miguel Poveda e Duquende, con il quale \u00e8 stato in vari tour in Europa, Giappone e Stati Uniti.<\/p>\n<p>&#8220;La buler\u00eda no te puedo encontrar&#8221;, traccia principale del film Blancanieves, ha vinto il Goya Award 2013 per la migliore canzone originale. la traccia \u00e8 una creazione di Chicuelo con i testi del regista del film, Pablo Berger.<\/p>\n<p>_________________________________________________________________________<br \/>\nComune capofila del Festival Ethnos: Citt\u00e0 di S. Giorgio a Cremano<br \/>\nUna produzione: La Bazzarra<\/p>\n<p>\u201cIntervento co-finanziato dal POC Campania 2014-2020. \u201cRigenerazione urbana, politiche per il turismo e la cultura.<\/p>\n<p>&nbsp;<\/p>\n","protected":false},"excerpt":{"rendered":"<p>In concerto Sabato 14 Settembre a Villa Vannucchi La chitarra flamenco di Cichuelo, accompagnato sul palco dalla sua band, aprir\u00e0 la XXIV Edizione del Festival Ethnos. L\u2019artista di Barcellona sar\u00e0 in concerto all&#8217;Arena di Villa Vannucchi in C.so Roma 47 a S. Giorgio a Cremano (NA), comune capofila della nostra kermesse dedicata alla musica etnica.&hellip;<\/p>\n","protected":false},"author":1,"featured_media":7181,"comment_status":"closed","ping_status":"closed","sticky":false,"template":"","format":"standard","meta":{"footnotes":""},"categories":[],"tags":[],"class_list":["post-7180","post","type-post","status-publish","format-standard","has-post-thumbnail","hentry"],"_links":{"self":[{"href":"https:\/\/www.festivalethnos.it\/index.php?rest_route=\/wp\/v2\/posts\/7180","targetHints":{"allow":["GET"]}}],"collection":[{"href":"https:\/\/www.festivalethnos.it\/index.php?rest_route=\/wp\/v2\/posts"}],"about":[{"href":"https:\/\/www.festivalethnos.it\/index.php?rest_route=\/wp\/v2\/types\/post"}],"author":[{"embeddable":true,"href":"https:\/\/www.festivalethnos.it\/index.php?rest_route=\/wp\/v2\/users\/1"}],"replies":[{"embeddable":true,"href":"https:\/\/www.festivalethnos.it\/index.php?rest_route=%2Fwp%2Fv2%2Fcomments&post=7180"}],"version-history":[{"count":5,"href":"https:\/\/www.festivalethnos.it\/index.php?rest_route=\/wp\/v2\/posts\/7180\/revisions"}],"predecessor-version":[{"id":7205,"href":"https:\/\/www.festivalethnos.it\/index.php?rest_route=\/wp\/v2\/posts\/7180\/revisions\/7205"}],"wp:featuredmedia":[{"embeddable":true,"href":"https:\/\/www.festivalethnos.it\/index.php?rest_route=\/wp\/v2\/media\/7181"}],"wp:attachment":[{"href":"https:\/\/www.festivalethnos.it\/index.php?rest_route=%2Fwp%2Fv2%2Fmedia&parent=7180"}],"wp:term":[{"taxonomy":"category","embeddable":true,"href":"https:\/\/www.festivalethnos.it\/index.php?rest_route=%2Fwp%2Fv2%2Fcategories&post=7180"},{"taxonomy":"post_tag","embeddable":true,"href":"https:\/\/www.festivalethnos.it\/index.php?rest_route=%2Fwp%2Fv2%2Ftags&post=7180"}],"curies":[{"name":"wp","href":"https:\/\/api.w.org\/{rel}","templated":true}]}}