{"id":7183,"date":"2019-09-12T13:57:44","date_gmt":"2019-09-12T11:57:44","guid":{"rendered":"http:\/\/www.festivalethnos.it\/?p=7183"},"modified":"2019-09-12T14:23:41","modified_gmt":"2019-09-12T12:23:41","slug":"la-nipote-di-nelson-mandela-incontra-scuole-e-istituzioni-2-2","status":"publish","type":"post","link":"https:\/\/www.festivalethnos.it\/?p=7183","title":{"rendered":"Teresa De Sio chiude la XXIV edizione del Festival Ethnos"},"content":{"rendered":"<p><img fetchpriority=\"high\" decoding=\"async\" class=\"alignnone size-full wp-image-7186\" src=\"http:\/\/www.festivalethnos.it\/wp-content\/uploads\/2019\/09\/201623976-17360335-4ad6-4351-adaa-9e4ee5a07ab1.jpg\" alt=\"\" width=\"1200\" height=\"675\" srcset=\"https:\/\/www.festivalethnos.it\/wp-content\/uploads\/2019\/09\/201623976-17360335-4ad6-4351-adaa-9e4ee5a07ab1.jpg 1200w, https:\/\/www.festivalethnos.it\/wp-content\/uploads\/2019\/09\/201623976-17360335-4ad6-4351-adaa-9e4ee5a07ab1-300x169.jpg 300w, https:\/\/www.festivalethnos.it\/wp-content\/uploads\/2019\/09\/201623976-17360335-4ad6-4351-adaa-9e4ee5a07ab1-768x432.jpg 768w, https:\/\/www.festivalethnos.it\/wp-content\/uploads\/2019\/09\/201623976-17360335-4ad6-4351-adaa-9e4ee5a07ab1-690x388.jpg 690w, https:\/\/www.festivalethnos.it\/wp-content\/uploads\/2019\/09\/201623976-17360335-4ad6-4351-adaa-9e4ee5a07ab1-720x405.jpg 720w\" sizes=\"(max-width: 1200px) 100vw, 1200px\" \/><\/p>\n<p><strong>Domenica 29 Settembre a Villa Vannucchi<\/strong><\/p>\n<p>Sar\u00e0 Teresa De Sio a chiudere la XXIV Edizione del Festival Ethnos.<br \/>\nL\u2019artista napoletana sar\u00e0 in concerto Domenica 29 Settembre alle 20:30 presso l\u2019Arena di Villa Vannucchi a S. Giorgio a Cremano, comune capofila della nostra kermesse, dove presenter\u00e0 \u201cPuro Desiderio\u201d, il suo nuovo album. Ingresso libero fino ad esaurimento posti disponibili senza alcuna prenotazione.<\/p>\n<p>\u201cPuro Desiderio\u201d \u00e8 il nuovo disco e il nuovo tour di Teresa De Sio. Un disco che segna il passaggio in una nuova era della creativit\u00e0 di Teresa De Sio. A due anni dall&#8217;uscita del lavoro devozionale \u201cTeresa canta Pino\u201d dedicato all&#8217;amico Pino Danele, dopo una intensa ricerca e divulgazione sulla musica folk, testimoniata da dischi e docufilm tra cui Craj premiato al Festival del Cinema di Venezia, dopo i fortunatissimi romanzi \u201cMetti il diavolo a Ballare\u201d e \u201cL&#8217;Attentissima\u201d la cantaurice con questo disco, svela al pubblico un suo mondo musicale e poetico intimo, rimasto a lungo privato.<\/p>\n<p>\u201cHo aperto una nuova, per me inedita, riflessione su me stessa, sui sentimenti, su profondit\u00e0 dentro cui fino ad oggi non avevo voluto guardare.\u201d<\/p>\n<p>Un disco e un concerto che scava, parla di sentimento e suona contemporaneo. Un suono elettro\/acustico potentissimo e innovativo. Un mix di suoni acustici che a tratti sembrano diventare elettronici, dove le splendide orchestrazioni si fondono con percussioni, strumenti elettrici, chitarre e steel. Ancora una volta Teresa De Sio riesce a sorprendere per la capacit\u00e0 di ricerca, per la voglia di libert\u00e0 e la capacit\u00e0 di innovare e attraversare mondi musicali solo apparentemente lontani ed unirli in modo semplice, come pi\u00f9 volte ha gi\u00e0 saputo fare nella sua carriera.<\/p>\n<p>Un disco sull&#8217;amore in cui pi\u00f9 che raccontare le storie degli altri, fa una riflessione su se stessa, sui sentimenti. Il Puro Desiderio \u00e8 una forza motrice dell&#8217;anima, dell&#8217;amore, e di tutte le battaglie. Senza la forza del desiderio la vita ristagna.<\/p>\n<p>IL CONCERTO<br \/>\nAccompagnata da sei straordinari musicisti e polistrumentisti, Puro Desiderio \u00e8 un concerto potente intenso ed emozionante. La scaletta prevede oltre ai brani del nuovo disco tutti gli evergreen di Teresa: da Vogl&#8217;e turn\u00e0 a Aumm Aumm, da Ario a Terra e nisciuno, da Rondine a Positano, e non mancheranno le incursioni nel mondo poetico dell&#8217;amico Pino Daniele e Fabrizio De Andr\u00e8.<\/p>\n<p>Il tour live, curato da Arealive, partendo dai principali festival estivi proseguir\u00e0 in autunno ed in inverno nei teatri italiani ed europei per permettere all&#8217;artista di incontrare vecchi e nuovi fans ed il pubblico che con immutato affetto e crescente interesse segue il percorso artistico della Brigantessa per un concerto sicuramente divertente ed atteso.<\/p>\n<p>Una produzione: La Bazzarra<br \/>\nComune capofila: Citt\u00e0 di San Giorgio a Cremano<\/p>\n<p>\u201cIntervento co-finanziato dal POC Campania 2014-2020. \u201cRigenerazione urbana, politiche per il turismo e la cultura.<\/p>\n","protected":false},"excerpt":{"rendered":"<p>Domenica 29 Settembre a Villa Vannucchi Sar\u00e0 Teresa De Sio a chiudere la XXIV Edizione del Festival Ethnos. L\u2019artista napoletana sar\u00e0 in concerto Domenica 29 Settembre alle 20:30 presso l\u2019Arena di Villa Vannucchi a S. Giorgio a Cremano, comune capofila della nostra kermesse, dove presenter\u00e0 \u201cPuro Desiderio\u201d, il suo nuovo album. Ingresso libero fino ad&hellip;<\/p>\n","protected":false},"author":1,"featured_media":7186,"comment_status":"closed","ping_status":"closed","sticky":false,"template":"","format":"standard","meta":{"footnotes":""},"categories":[],"tags":[],"class_list":["post-7183","post","type-post","status-publish","format-standard","has-post-thumbnail","hentry"],"_links":{"self":[{"href":"https:\/\/www.festivalethnos.it\/index.php?rest_route=\/wp\/v2\/posts\/7183","targetHints":{"allow":["GET"]}}],"collection":[{"href":"https:\/\/www.festivalethnos.it\/index.php?rest_route=\/wp\/v2\/posts"}],"about":[{"href":"https:\/\/www.festivalethnos.it\/index.php?rest_route=\/wp\/v2\/types\/post"}],"author":[{"embeddable":true,"href":"https:\/\/www.festivalethnos.it\/index.php?rest_route=\/wp\/v2\/users\/1"}],"replies":[{"embeddable":true,"href":"https:\/\/www.festivalethnos.it\/index.php?rest_route=%2Fwp%2Fv2%2Fcomments&post=7183"}],"version-history":[{"count":4,"href":"https:\/\/www.festivalethnos.it\/index.php?rest_route=\/wp\/v2\/posts\/7183\/revisions"}],"predecessor-version":[{"id":7202,"href":"https:\/\/www.festivalethnos.it\/index.php?rest_route=\/wp\/v2\/posts\/7183\/revisions\/7202"}],"wp:featuredmedia":[{"embeddable":true,"href":"https:\/\/www.festivalethnos.it\/index.php?rest_route=\/wp\/v2\/media\/7186"}],"wp:attachment":[{"href":"https:\/\/www.festivalethnos.it\/index.php?rest_route=%2Fwp%2Fv2%2Fmedia&parent=7183"}],"wp:term":[{"taxonomy":"category","embeddable":true,"href":"https:\/\/www.festivalethnos.it\/index.php?rest_route=%2Fwp%2Fv2%2Fcategories&post=7183"},{"taxonomy":"post_tag","embeddable":true,"href":"https:\/\/www.festivalethnos.it\/index.php?rest_route=%2Fwp%2Fv2%2Ftags&post=7183"}],"curies":[{"name":"wp","href":"https:\/\/api.w.org\/{rel}","templated":true}]}}