{"id":7200,"date":"2019-09-12T14:23:08","date_gmt":"2019-09-12T12:23:08","guid":{"rendered":"http:\/\/www.festivalethnos.it\/?p=7200"},"modified":"2019-09-12T14:24:09","modified_gmt":"2019-09-12T12:24:09","slug":"la-nipote-di-nelson-mandela-incontra-scuole-e-istituzioni-2-2-2","status":"publish","type":"post","link":"https:\/\/www.festivalethnos.it\/?p=7200","title":{"rendered":"Lucia De Carvalho live a Villa Vannucchi"},"content":{"rendered":"<p><img fetchpriority=\"high\" decoding=\"async\" class=\"alignnone wp-image-7184 size-full\" src=\"http:\/\/www.festivalethnos.it\/wp-content\/uploads\/2019\/09\/Luci-De-Carvalho.jpg\" alt=\"\" width=\"736\" height=\"447\" srcset=\"https:\/\/www.festivalethnos.it\/wp-content\/uploads\/2019\/09\/Luci-De-Carvalho.jpg 736w, https:\/\/www.festivalethnos.it\/wp-content\/uploads\/2019\/09\/Luci-De-Carvalho-300x182.jpg 300w, https:\/\/www.festivalethnos.it\/wp-content\/uploads\/2019\/09\/Luci-De-Carvalho-690x419.jpg 690w, https:\/\/www.festivalethnos.it\/wp-content\/uploads\/2019\/09\/Luci-De-Carvalho-720x437.jpg 720w\" sizes=\"(max-width: 736px) 100vw, 736px\" \/><\/p>\n<p><strong>Venerd\u00ec 27 Settembre per la XXIV Edizione del Festival Ethnos<\/strong><\/p>\n<p>Nel suo sangue scorrono tre nazioni: l\u2019Angola, Paese che le ha dato i natali, il Portogallo, dove ha trascorso l\u2019infanzia e la Francia, dove si \u00e8 formata e tuttora vive.<br \/>\nLucia De Carvalho sar\u00e0 in concerto al Festival Ethnos Venerd\u00ec 27 Settembre alle 20:30 nell\u2019Arena di Villa Vannucchi a S. Giorgio a Cremano, comune capofila della nostra kermesse dedicata alla musica etnica. L\u2019ingresso sar\u00e0 gratuito fino ad esaurimento posti disponibili.<\/p>\n<p>Lucia De Carvalho ha un fascino scintillante e una presenza scenica umanizzante. Canta, balla, suona le percussioni. La sua voce \u00e8 saldamente radicata e tuttavia calda e delicata. I ritmi delle sue composizioni si collegano alla terra e le armonie ariose portano il pubblico ad una maggiore gioia di s\u00e9.<br \/>\nLa sua \u00e8 una storia meticcia dove convivono le radici africane, la passione per la musica brasiliana e portoghese, ma anche l\u2019incontro con sonorit\u00e0 moderne come il reggae, il funk e il pop. L\u2019inizio della sua carriera a 16 anni la vede come ballerina nel gruppo della cantante brasiliana Bia e solo successivamente diviene interprete principale di repertori tradizionali e popolari.<\/p>\n<p>Dal 2009 sviluppa un proprio percorso originale che le consente di esprimere una capacit\u00e0 comunicativa e un\u2019energia solare contagiosa. Il suo recente progetto \u201cKuzola\u201d che in Kimbundu \u2013 la lingua angolana parlata da sua madre \u2013 significa \u201cAmare\u201d, comprende un album, che vede la<br \/>\npartecipazione di 30 musicisti e un film documentario, per la regia di Hugo Bachelet, che ci racconta una sorta di pellegrinaggio che L\u00facia compie alla riscoperta delle proprie radici. Rilasciato a ottobre 2016, l&#8217;album Kuzola \u00e8 stato registrato per tutto il 2015 in Brasile, Francia e Angola. <\/p>\n","protected":false},"excerpt":{"rendered":"<p>Venerd\u00ec 27 Settembre per la XXIV Edizione del Festival Ethnos Nel suo sangue scorrono tre nazioni: l\u2019Angola, Paese che le ha dato i natali, il Portogallo, dove ha trascorso l\u2019infanzia e la Francia, dove si \u00e8 formata e tuttora vive. Lucia De Carvalho sar\u00e0 in concerto al Festival Ethnos Venerd\u00ec 27 Settembre alle 20:30 nell\u2019Arena&hellip;<\/p>\n","protected":false},"author":1,"featured_media":7184,"comment_status":"closed","ping_status":"closed","sticky":false,"template":"","format":"standard","meta":{"footnotes":""},"categories":[],"tags":[],"class_list":["post-7200","post","type-post","status-publish","format-standard","has-post-thumbnail","hentry"],"_links":{"self":[{"href":"https:\/\/www.festivalethnos.it\/index.php?rest_route=\/wp\/v2\/posts\/7200","targetHints":{"allow":["GET"]}}],"collection":[{"href":"https:\/\/www.festivalethnos.it\/index.php?rest_route=\/wp\/v2\/posts"}],"about":[{"href":"https:\/\/www.festivalethnos.it\/index.php?rest_route=\/wp\/v2\/types\/post"}],"author":[{"embeddable":true,"href":"https:\/\/www.festivalethnos.it\/index.php?rest_route=\/wp\/v2\/users\/1"}],"replies":[{"embeddable":true,"href":"https:\/\/www.festivalethnos.it\/index.php?rest_route=%2Fwp%2Fv2%2Fcomments&post=7200"}],"version-history":[{"count":2,"href":"https:\/\/www.festivalethnos.it\/index.php?rest_route=\/wp\/v2\/posts\/7200\/revisions"}],"predecessor-version":[{"id":7203,"href":"https:\/\/www.festivalethnos.it\/index.php?rest_route=\/wp\/v2\/posts\/7200\/revisions\/7203"}],"wp:featuredmedia":[{"embeddable":true,"href":"https:\/\/www.festivalethnos.it\/index.php?rest_route=\/wp\/v2\/media\/7184"}],"wp:attachment":[{"href":"https:\/\/www.festivalethnos.it\/index.php?rest_route=%2Fwp%2Fv2%2Fmedia&parent=7200"}],"wp:term":[{"taxonomy":"category","embeddable":true,"href":"https:\/\/www.festivalethnos.it\/index.php?rest_route=%2Fwp%2Fv2%2Fcategories&post=7200"},{"taxonomy":"post_tag","embeddable":true,"href":"https:\/\/www.festivalethnos.it\/index.php?rest_route=%2Fwp%2Fv2%2Ftags&post=7200"}],"curies":[{"name":"wp","href":"https:\/\/api.w.org\/{rel}","templated":true}]}}