{"id":9099,"date":"2022-09-07T16:32:04","date_gmt":"2022-09-07T14:32:04","guid":{"rendered":"https:\/\/www.festivalethnos.it\/?p=9099"},"modified":"2022-09-07T16:32:04","modified_gmt":"2022-09-07T14:32:04","slug":"la-nipote-di-nelson-mandela-incontra-scuole-e-istituzioni-2-2-2-2-2-2-2","status":"publish","type":"post","link":"https:\/\/www.festivalethnos.it\/?p=9099","title":{"rendered":"Parte la XVII Edizione del Festival"},"content":{"rendered":"<p>Suoni e culture da tutto il mondo alla 27esima edizione di Ethnos. Il festival internazionale di musica etnica ideato e diretto da\u00a0Gigi Di Luca \u00e8\u00a0in programma dal 9 settembre al 3 novembre 2022, in\u00a05 comuni\u00a0della costa vesuviana.<\/p>\n<p>Nelle ville del miglio d\u2019Oro e nei luoghi storici di\u00a0San Giorgio a Cremano,\u00a0Ercolano,\u00a0Portici,\u00a0Torre del greco\u00a0e\u00a0Torre Annunziata\u00a0arriveranno artisti da varie parti del mondo per un dialogo tra la musica, danza, teatro e tradizioni.<\/p>\n<p>Sul palco itinerante di Ethnos si alterneranno nell\u2019arco di due mesi grandi nomi della world music, nuove proposte e musicisti provenienti da Cuba, Cina, Argentina, Capo Verde, Portogallo, Mozambico, Francia, Mali, oltre all\u2019Italia. Tra i numerosi ospiti attesi quest\u2019anno: l&#8217;icona della musica africana\u00a0Oumou Sangar\u00e9, la cantante portoghese di origini capoverdiane\u00a0Carmen Souza, l&#8217;acclamato polistrumentista e cantante di Tsingtao (Shandong)\u00a0Wang Li, il trio franco-argentino\u00a0Aguamadera, la nuova voce del folk europeo\u00a0Maria Mazzotta.<\/p>\n<p>Ad inaugurare l\u2019edizione 2022 del festival,\u00a0<strong>venerd\u00ec 9 settembre alle ore 20.30<\/strong>\u00a0a Villa Vannucchi (San Giorgio a Cremano), sar\u00e0 il sestetto francese\u00a0San Salvador. Un gruppo che fonde polifonie occitane e ritmo, canto e percussioni, usando incastri vocali, tamburi di diversa foggia e il battito delle mani.<\/p>\n<p>Il giorno seguente,\u00a0<strong>10 settembre<\/strong>, la compositrice cubana\u00a0Ana Carla Maza\u00a0presenta un raffinato concerto per voce e violoncello a Villa del Parnaso (Torre Annunziata). Un m\u00e9lange di jazz, musica classica, bossa nova e sonorit\u00e0 latinoamericane.<\/p>\n<p>A chiudere il primo week end, l\u2019<strong>11 settembre\u00a0<\/strong>a Villa delle Ginestre (Torre del Greco), sar\u00e0\u00a0Alessandro D\u2019Alessandro, uno dei pi\u00f9 talentuosi organettisti italiani, accompagnato in questa occasione dalla cantante\u00a0Margherita Abita.<\/p>\n<p><strong>Non solo musica<\/strong><\/p>\n<p>Oltre alla musica spazio anche alla danza e al teatro, con workshop e spettacoli. In scena le compagnie\u00a0Movimento Danza\u00a0di\u00a0Gabriella Stazio\u00a0e\u00a0Tarantarte, l&#8217;attrice\u00a0Cristina Donadio\u00a0in &#8220;Appassionata&#8221;, reading teatrale-musicale con\u00a0Mario Crispi\u00a0(fiati etnici),\u00a0Giovanni Seneca\u00a0(chitarra classica e chitarra battente) e\u00a0Francesco Savoretti\u00a0(Percussioni), per la regia di Gigi Di Luca.<\/p>\n<p>Spazio anche alle nuove generazioni e ai nuovi talenti con le finali delle tre categorie del contest\u00a0Ethnos GenerAzioni: musica, danza e teatro.<\/p>\n<p>Infine, si rinnova l\u2019appuntamento con\u00a0Ethnos per le Scuole\u00a0che vede protagonisti di due appuntamenti alle Fonderie di Villa Bruno,\u00a0Caf\u00e8 Loti\u00a0&#8211; ovvero\u00a0Nando Citarella,\u00a0Stefano Saletti\u00a0e\u00a0Pejman Tadayon\u00a0\u2013 il 13 ottobre e\u00a0Raiz &amp; Radicanto\u00a0il 3 novembre.<\/p>\n<p>\u00abIl programma della XXVII edizione di Ethnos come sempre non asseconda le mode, invitando il pubblico all\u2019approfondimento, alla scoperta di artisti radicati nella contemporaneit\u00e0 come nella tradizione\u00bb \u2013\u00a0dichiara il direttore artistico,\u00a0Gigi Di Luca. \u00abUn festival educa, accompagna la crescita, propone novit\u00e0, ed Ethnos dal 1995 resta fedele alla sua linea di progetto culturale innovativo, che ha saputo guardare al futuro come al passato preservando memorie. Grazie al costante lavoro sulla ricerca della qualit\u00e0 e sulla valorizzazione del territorio \u00e8 arrivato il riconoscimento del\u00a0Ministero della Cultura che ha inserito il festival nel fondo unico dello spettacolo 2022-2024\u00bb.<\/p>\n<p>\u201cAnche per questa XXVII edizione\u00a0\u2013 spiega il Sindaco\u00a0Giorgio Zinno\u00a0&#8211;\u00a0\u00a0San Giorgio a Cremano ospiter\u00e0 ben cinque concerti, le tre finali del concorso Ethnos GenerAzioni, rivolto agli artisti under 35 provenienti da tutta Italia e il progetto dedicato alle scuole che chiuder\u00e0 la rassegna il prossimo novembre. \u00c8 la testimonianza di come la nostra citt\u00e0 continui ad essere il punto di riferimento per questa rassegna, riconosciuta ormai universalmente come il festival della contaminazione culturale. Anche attraverso l\u2019arte e la conoscenza delle tradizioni popolari, diffondiamo i valori di accoglienza e tolleranza e inclusione\u201d.<\/p>\n<p>Programmata e co-finanziata dalla\u00a0Regione Campania\u00a0attraverso\u00a0Scabec\u00a0e dal\u00a0Ministero della Cultura, la XXVII edizione di Ethnos \u00e8 organizzata da La\u00a0Bazzarra\u00a0con il contributo del\u00a0Comune di San Giorgio a Cremano\u00a0e della\u00a0Banca di Credito Popolare\u00a0e in collaborazione con i comuni di Portici, Ercolano, Torre del Greco, Torre Annunziata, con la\u00a0Fondazione Ente Ville Vesuviane\u00a0e il Dipartimento di Agraria dell\u2019Universit\u00e0 degli Studi di Napoli Federico II.<\/p>\n<p>Ethnos \u00e8 una manifestazione artistico-culturale ideata per promuovere la conoscenza delle \u201cculture e arti del mondo\u201d. Nata nel 1995 con l\u2019intento di recuperare le tradizioni popolari dell\u2019area vesuviana, nel corso ha allargato il suo raggio di azione, diventando uno dei maggiori appuntamenti dedicati alla world music in Italia.<\/p>\n<p>Grazie alla programmazione di numerose attivit\u00e0 tese all\u2019incontro e alla comunione tra i popoli e i diversi linguaggi, Ethnos si propone di creare un ponte tra la memoria del passato e la visione del futuro, tra la tradizione e la contemporaneit\u00e0 dell\u2019arte con uno sguardo attento alle problematiche delle migrazioni, delle integrazioni e del Mediterraneo.<\/p>\n<p>I\u00a0biglietti\u00a0per assistere agli eventi della XXVII edizione del festival Ethnos sono disponibili su AzzurroService: tel. 081 5934001 \u2013\u00a0<span id=\"cloak84d51319722fe6c7f6a95096a13e0d18\"><a href=\"mailto:biglietteria@azzurroservice.it\">biglietteria@azzurroservice.it<\/a><\/span>.<\/p>\n<p><a href=\"http:\/\/www.azzurroservice.net\/stagioni-teatrali\/festival-ethnos-xxvii-edizione\">www.azzurroservice.net\/stagioni-teatrali\/festival-ethnos-xxvii-edizione<\/a><\/p>\n<p><strong>Info<\/strong>: \u00a03287232399\u00a0|\u00a0<a href=\"http:\/\/www.facebook.com\/EthnosFestival\">www.facebook.com\/EthnosFestival<\/a>\u00a0&#8211;\u00a0<a href=\"http:\/\/www.instagram.com\/ethnosfestival\">www.instagram.com\/ethnosfestival<\/a><\/p>\n","protected":false},"excerpt":{"rendered":"<p>Suoni e culture da tutto il mondo alla 27esima edizione di Ethnos. Il festival internazionale di musica etnica ideato e diretto da\u00a0Gigi Di Luca \u00e8\u00a0in programma dal 9 settembre al 3 novembre 2022, in\u00a05 comuni\u00a0della costa vesuviana. Nelle ville del miglio d\u2019Oro e nei luoghi storici di\u00a0San Giorgio a Cremano,\u00a0Ercolano,\u00a0Portici,\u00a0Torre del greco\u00a0e\u00a0Torre Annunziata\u00a0arriveranno artisti da&hellip;<\/p>\n","protected":false},"author":1,"featured_media":8747,"comment_status":"closed","ping_status":"closed","sticky":false,"template":"","format":"standard","meta":{"footnotes":""},"categories":[],"tags":[],"class_list":["post-9099","post","type-post","status-publish","format-standard","has-post-thumbnail","hentry"],"_links":{"self":[{"href":"https:\/\/www.festivalethnos.it\/index.php?rest_route=\/wp\/v2\/posts\/9099","targetHints":{"allow":["GET"]}}],"collection":[{"href":"https:\/\/www.festivalethnos.it\/index.php?rest_route=\/wp\/v2\/posts"}],"about":[{"href":"https:\/\/www.festivalethnos.it\/index.php?rest_route=\/wp\/v2\/types\/post"}],"author":[{"embeddable":true,"href":"https:\/\/www.festivalethnos.it\/index.php?rest_route=\/wp\/v2\/users\/1"}],"replies":[{"embeddable":true,"href":"https:\/\/www.festivalethnos.it\/index.php?rest_route=%2Fwp%2Fv2%2Fcomments&post=9099"}],"version-history":[{"count":1,"href":"https:\/\/www.festivalethnos.it\/index.php?rest_route=\/wp\/v2\/posts\/9099\/revisions"}],"predecessor-version":[{"id":9100,"href":"https:\/\/www.festivalethnos.it\/index.php?rest_route=\/wp\/v2\/posts\/9099\/revisions\/9100"}],"wp:featuredmedia":[{"embeddable":true,"href":"https:\/\/www.festivalethnos.it\/index.php?rest_route=\/wp\/v2\/media\/8747"}],"wp:attachment":[{"href":"https:\/\/www.festivalethnos.it\/index.php?rest_route=%2Fwp%2Fv2%2Fmedia&parent=9099"}],"wp:term":[{"taxonomy":"category","embeddable":true,"href":"https:\/\/www.festivalethnos.it\/index.php?rest_route=%2Fwp%2Fv2%2Fcategories&post=9099"},{"taxonomy":"post_tag","embeddable":true,"href":"https:\/\/www.festivalethnos.it\/index.php?rest_route=%2Fwp%2Fv2%2Ftags&post=9099"}],"curies":[{"name":"wp","href":"https:\/\/api.w.org\/{rel}","templated":true}]}}