{"id":9713,"date":"2023-09-15T16:10:15","date_gmt":"2023-09-15T14:10:15","guid":{"rendered":"https:\/\/www.festivalethnos.it\/?p=9713"},"modified":"2023-09-15T16:11:24","modified_gmt":"2023-09-15T14:11:24","slug":"parte-la-xxviii-edizione-del-festival-ethnos","status":"publish","type":"post","link":"https:\/\/www.festivalethnos.it\/?p=9713","title":{"rendered":"Parte la XXVIII Edizione del Festival ethnos"},"content":{"rendered":"<p align=\"CENTER\"><span style=\"font-size: 300%;\"><b>Ethnos<\/b><\/span><\/p>\n<p align=\"CENTER\"><span style=\"font-size: x-large;\"><b>Festival Internazionale della Musica Etnica<\/b><\/span><\/p>\n<p align=\"CENTER\"><span style=\"font-size: large;\"><b>XXVIII edizione \u2013 7 settembre 1 ottobre 2023<\/b><\/span><\/p>\n<p align=\"CENTER\"><span style=\"font-size: large;\">Direzione artistica <\/span><span style=\"font-size: large;\"><b>Gigi Di Luca<\/b><\/span><\/p>\n<p align=\"CENTER\"><a href=\"http:\/\/www.festivalethnos.it\/\"><span style=\"font-size: large;\"><b>www.festivalethnos.it<\/b><\/span><\/a><\/p>\n<p align=\"JUSTIFY\"><span style=\"font-size: medium;\"><b>Le musiche del mondo in scena alle pendici del Vesuvio per il festival<\/b><\/span> <span style=\"font-size: medium;\"><b>Ethnos<\/b><\/span><span style=\"font-size: medium;\">. Dal 7 settembre all\u20191 ottobre 2023 in <\/span><span style=\"font-size: medium;\"><b>6 comuni <\/b><\/span><span style=\"font-size: medium;\">della costa vesuviana<\/span><b> <\/b><span style=\"font-size: medium;\">&#8211; <\/span><span style=\"font-size: medium;\"><b>Ercolano<\/b><\/span><span style=\"font-size: medium;\">, <\/span><span style=\"font-size: medium;\"><b>Napoli<\/b><\/span><span style=\"font-size: medium;\">, <\/span><span style=\"font-size: medium;\"><b>Portici<\/b><\/span><span style=\"font-size: medium;\">, <\/span><span style=\"font-size: medium;\"><b>San Giorgio a Cremano<\/b><\/span><span style=\"font-size: medium;\">, <\/span><span style=\"font-size: medium;\"><b>Torre Annunziata <\/b><\/span><span style=\"font-size: medium;\">e<\/span><span style=\"font-size: medium;\"><b> Torre del Greco<\/b><\/span><span style=\"font-size: medium;\"> &#8211; si terr\u00e0 la XXVIII edizione del festival internazionale della world music ideato e diretto da <\/span><span style=\"font-size: medium;\"><b>Gigi Di Luca<\/b><\/span><span style=\"font-size: medium;\">. <\/span><\/p>\n<p align=\"JUSTIFY\"><span style=\"font-size: medium;\">Anche quest\u2019anno sono attesi grandi nomi della musica etnica, nuove realt\u00e0 e musicisti provenienti da <\/span><span style=\"font-size: medium;\"><b>12 diversi paesi<\/b><\/span><span style=\"font-size: medium;\">, per una grande festa dell\u2019incontro, della contaminazione e dell\u2019accoglienza. In programma, inoltre, workshop, appuntamenti tematici dedicati alla danza e al teatro e le finali del concorso <\/span><span style=\"font-size: medium;\"><b>Ethnos GenerAzioni<\/b><\/span><span style=\"font-size: medium;\">, rivolto agli artisti under 35.<\/span><\/p>\n<p align=\"JUSTIFY\"><span style=\"font-size: medium;\">L\u2019edizione 2023 di Ethnos porter\u00e0 nelle ville e nei siti storici del Miglio d\u2019Oro e nei siti dell\u2019area vesuviana suoni, culture, tradizioni e mondi in parte sconosciuti, conducendo gli spettatori in un viaggio nei vari continenti. Nell\u2019arco di tutto il mese di settembre si alterneranno sul palco itinerante del festival artisti da <\/span><span style=\"font-size: medium;\"><b>Angola<\/b><\/span><span style=\"font-size: medium;\">, <\/span><span style=\"font-size: medium;\"><b>Brasile<\/b><\/span><span style=\"font-size: medium;\">, <\/span><span style=\"font-size: medium;\"><b>Costa d&#8217;Avorio<\/b><\/span><span style=\"font-size: medium;\">, <\/span><span style=\"font-size: medium;\"><b>Francia<\/b><\/span><span style=\"font-size: medium;\">, <\/span><span style=\"font-size: medium;\"><b>Grecia<\/b><\/span><span style=\"font-size: medium;\">, <\/span><span style=\"font-size: medium;\"><b>India<\/b><\/span><span style=\"font-size: medium;\">, <\/span><span style=\"font-size: medium;\"><b>Iran<\/b><\/span><span style=\"font-size: medium;\">, <\/span><span style=\"font-size: medium;\"><b>Marocco<\/b><\/span><span style=\"font-size: medium;\">, <\/span><span style=\"font-size: medium;\"><b>Mongolia<\/b><\/span><span style=\"font-size: medium;\">, <\/span><span style=\"font-size: medium;\"><b>Senegal<\/b><\/span><span style=\"font-size: medium;\"> e <\/span><span style=\"font-size: medium;\"><b>Spagna<\/b><\/span><span style=\"font-size: medium;\">, oltre che da varie regioni d\u2019Italia.<\/span><\/p>\n<p align=\"JUSTIFY\"><span style=\"font-size: medium;\">Tra i protagonisti di questa edizione \u2013 che sar\u00e0 inaugurata a Villa Vannucchi a San Giorgio a Cremano dal gruppo multietnico <\/span><span style=\"font-size: medium;\"><b>Ayom<\/b><\/span><span style=\"font-size: medium;\">, il cui nome nella mitologia Candombl\u00e8 rappresenta il Signore della Musica &#8211; ci saranno: il pianista e compositore francese di origine martinicana <\/span><span style=\"font-size: medium;\"><b>Chassol<\/b><\/span><span style=\"font-size: medium;\">, la nuova star dell\u2019afro-pop <\/span><span style=\"font-size: medium;\"><b>Dobet Gnahor\u00e9<\/b><\/span><span style=\"font-size: medium;\">, cantante e ballerina ivoriana vincitrice di un Grammy Award, il senegalese <\/span><span style=\"font-size: medium;\"><b>Seckou Keita<\/b><\/span><span style=\"font-size: medium;\">, uno dei pi\u00f9 importanti suonatori di kora al mondo, <\/span><span style=\"font-size: medium;\"><b>Amrat Hussain Brothers Trio<\/b><\/span><span style=\"font-size: medium;\"> dal Rajasthan, <\/span><span style=\"font-size: medium;\"><b>Epi<\/b><\/span><span style=\"font-size: medium;\"> (al secolo Enkhjargal Dandarvaanchig) musicista e cantante originario Ulan Bator, ambasciatore musicale della Mongolia, la cantante e polistrumentista brasiliana <\/span><span style=\"font-size: medium;\"><b>Bia Ferreira<\/b><\/span><span style=\"font-size: medium;\">, militante antirazzista e sostenitrice della comunit\u00e0 LGBTQIA+. E ancora, <\/span><span style=\"font-size: medium;\"><b>Bab L\u2019Bluz<\/b><\/span><span style=\"font-size: medium;\">, band franco-marocchina che fonde musica tradizionale Gnawa e Hassani con il rock e il blues, <\/span><span style=\"font-size: medium;\"><b>Ana Crism\u00e1n<\/b><\/span><span style=\"font-size: medium;\"> la prima musicista al mondo che interpreta e compone il flamenco con l&#8217;arpa, la cantautrice e polistrumentista pugliese <\/span><span style=\"font-size: medium;\"><b>Rachele Andrioli<\/b><\/span><span style=\"font-size: medium;\"> e il progetto &#8220;<\/span><span style=\"font-size: medium;\"><b>Songs of Hope<\/b><\/span><span style=\"font-size: medium;\">&#8221; con l\u2019ambasciatore della musica persiana e vincitore di un Grammy Award, <\/span><span style=\"font-size: medium;\"><b>Kayhan Kalhor<\/b><\/span><span style=\"font-size: medium;\"> insieme al virtuoso del setar <\/span><span style=\"font-size: medium;\"><b>Kiva Tabassian<\/b><\/span><span style=\"font-size: medium;\"> e <\/span><span style=\"font-size: medium;\"><b>Behnam Samani<\/b><\/span><span style=\"font-size: medium;\"> al tombak.<\/span><\/p>\n<p align=\"JUSTIFY\"><span style=\"font-size: medium;\">Tre i progetti speciali di questa edizione: il recital di <\/span><span style=\"font-size: medium;\"><b>Pamela Villoresi <\/b><\/span><span style=\"font-size: medium;\">\u201c<\/span><span style=\"font-size: medium;\"><i><b>Della Profetessa e di Spartaco<\/b><\/i><\/span><span style=\"font-size: medium;\">\u201d con<\/span><span style=\"font-size: medium;\"><b> Massimo De Matteo<\/b><\/span><span style=\"font-size: medium;\"> e le musiche dal vivo di <\/span><span style=\"font-size: medium;\"><b>Mimmo Maglionico<\/b><\/span><span style=\"font-size: medium;\">, <\/span><span style=\"font-size: medium;\"><b>Roberto Trenca<\/b><\/span><span style=\"font-size: medium;\"> e <\/span><span style=\"font-size: medium;\"><b>Gabriele Borrelli<\/b><\/span><span style=\"font-size: medium;\">, per la regia di <\/span><span style=\"font-size: medium;\"><b>Gigi Di Luca<\/b><\/span><span style=\"font-size: medium;\">, la produzione originale <\/span><span style=\"font-size: medium;\"><b>La Banda del Sud<\/b><\/span><span style=\"font-size: medium;\">, che mette insieme in una grande orchestra di musica popolare, diretta da <\/span><span style=\"font-size: medium;\"><b>Mario Crispi<\/b><\/span><span style=\"font-size: medium;\">, <\/span><span style=\"font-size: medium;\"><b>10 talenti selezionati dalle 6 regioni del Sud Italia<\/b><\/span><span style=\"font-size: medium;\"> e lo spettacolo site specific \u201c<\/span><span style=\"font-size: medium;\"><i><b>Il Canto delle Mani<\/b><\/i><\/span><span style=\"font-size: medium;\">\u201d con le coreografie di <\/span><span style=\"font-size: medium;\"><b>Gabriella Stazio<\/b><\/span><span style=\"font-size: medium;\"> sulle musiche del gruppo operaio <\/span><span style=\"font-size: medium;\"><b>\u2018E Zezi<\/b><\/span><span style=\"font-size: medium;\">.<\/span><\/p>\n<p align=\"JUSTIFY\"><span style=\"font-size: medium;\">\u00ab<\/span><span style=\"font-size: medium;\"><i><b>Il legame tra Ethnos e il suo territorio \u00e8 un legame forte, che si rinnova da 28 anni attraverso un progetto culturale che tocca diversi luoghi e citt\u00e0 e che ha intercettato quel bisogno di conoscenza delle altre culture, del diverso, prima ancora che le migrazioni arrivassero a noi<\/b><\/i><\/span><span style=\"font-size: medium;\">\u00bb dichiara il direttore artistico Gigi Di Luca. <\/span><\/p>\n<p align=\"JUSTIFY\"><span style=\"font-size: medium;\">\u00ab<\/span><span style=\"font-size: medium;\"><i><b>Ethnos ha sempre abbinato la bellezza dei luoghi storici ai contenuti contemporanei, talvolta dolorosi, di storie e musiche provenienti da territori lontani, oppressi e sfruttati. Il mondo \u00e8 mutato e con esso il modo di vivere ed informarsi ma il nostro modo di esplorarlo e raccontarlo \u00e8 ancora lo stesso. La musica di Ethnos parla di diritti umani, di libert\u00e0, di lotta al razzismo, di contaminazioni e di fusioni di linguaggi. Parla di creativit\u00e0 e ricerca, ma soprattutto parla e vuole continuare a parlare di pace e di bellezza<\/b><\/i><\/span><span style=\"font-size: medium;\">\u00bb.<\/span><\/p>\n<p align=\"JUSTIFY\"><span style=\"font-size: medium;\">Grazie alla programmazione di numerose attivit\u00e0 tese all\u2019incontro e alla comunione tra i popoli e i diversi linguaggi, Ethnos si propone di creare un ponte tra la memoria del passato e la visione del futuro, tra la tradizione e la contemporaneit\u00e0 con uno sguardo attento alle problematiche delle migrazioni, delle integrazioni e del Mediterraneo. <\/span><\/p>\n<p align=\"JUSTIFY\"><span style=\"font-size: medium;\">Nato nel 1995 con l\u2019intento di recuperare le arcaiche tradizioni dell\u2019area vesuviana, nel corso degli anni il festival ha allargato il suo raggio di azione diventando uno dei maggiori osservatori di musica etnica e world music d\u2019Italia. <\/span><\/p>\n<p align=\"JUSTIFY\"><span style=\"font-size: medium;\">La XXVIII edizione del festival Ethnos \u00e8 organizzata da <\/span><span style=\"font-size: medium;\"><b>La Bazzarra<\/b><\/span><span style=\"font-size: medium;\"> e finanziata dalla <\/span><span style=\"font-size: medium;\"><b>Regione Campania<\/b><\/span><span style=\"font-size: medium;\"> attraverso <\/span><span style=\"font-size: medium;\"><b>Scabec<\/b><\/span><span style=\"font-size: medium;\"> e dal <\/span><span style=\"font-size: medium;\"><b>Ministero della Cultura<\/b><\/span><span style=\"font-size: medium;\">, con il sostegno dei <\/span><span style=\"font-size: medium;\"><b>comuni di<\/b><\/span> <span style=\"font-size: medium;\"><b>Ercolano<\/b><\/span><span style=\"font-size: medium;\">,<\/span><span style=\"font-size: medium;\"><b> Portici<\/b><\/span><span style=\"font-size: medium;\">,<\/span><span style=\"font-size: medium;\"><b> San Giorgio a Cremano<\/b><\/span><span style=\"font-size: medium;\">,<\/span><span style=\"font-size: medium;\"><b> Torre Annunziata <\/b><\/span><span style=\"font-size: medium;\">e<\/span><span style=\"font-size: medium;\"><b> Torre del Greco<\/b><\/span><span style=\"font-size: medium;\">, il contributo della <\/span><span style=\"font-size: medium;\"><b>Banca di Credito Popolare<\/b><\/span><span style=\"font-size: medium;\"> e con la collaborazione della <\/span><span style=\"font-size: medium;\"><b>Fondazione Ente Ville Vesuviane<\/b><\/span><span style=\"font-size: medium;\"> e del Dipartimento di Agraria dell\u2019<\/span><span style=\"font-size: medium;\"><b>Universit\u00e0 degli Studi di Napoli Federico II<\/b><\/span><span style=\"font-size: medium;\">.<\/span><\/p>\n<p align=\"JUSTIFY\"><span style=\"font-size: medium;\"><b>I biglietti<\/b><\/span><span style=\"font-size: medium;\"> &#8211; dal costo simbolico di 5 euro, ad eccezione dello spettacolo \u201c<\/span><span style=\"font-size: medium;\"><b>Songs of <\/b><\/span><span style=\"font-size: medium;\"><b>Hope\u201d <\/b><\/span><span style=\"font-size: medium;\">che ha un costo di 10 euro &#8211; saranno disponibili a partire da venerd\u00ec 1 settembre sul circuito Azzurro Service e presso il botteghino allestito nelle varie location che ospiteranno i concerti. Info prevendita: tel. 081 5934001 &#8211; www.azzurroservice.net.<\/span><\/p>\n<p align=\"CENTER\"><span style=\"color: #000000;\"><span style=\"font-size: medium;\"><u><b>Per informazioni e contatti:<\/b><\/u><\/span><\/span><span style=\"color: #000000;\"><span style=\"font-size: medium;\">\u00a0Tel. 3287232399\u00a0\u2013 info@labazzarra.com<\/span><\/span><\/p>\n<p align=\"CENTER\"><span style=\"color: #222222;\"><span style=\"font-size: medium;\">Social:\u00a0<\/span><\/span><a href=\"http:\/\/www.facebook.com\/EthnosFestival\"><span style=\"color: #0000ff;\"><span style=\"font-size: medium;\"><u>www.facebook.com\/EthnosFestival<\/u><\/span><\/span><\/a><span style=\"color: #222222;\"><span style=\"font-size: medium;\">\u00a0&#8211;\u00a0<\/span><\/span><a href=\"http:\/\/www.instagram.com\/ethnosfestival\"><span style=\"color: #0000ff;\"><span style=\"font-size: medium;\"><u>www.instagram.com\/ethnosfestival<\/u><\/span><\/span><\/a><\/p>\n<p align=\"CENTER\"><span style=\"font-family: Tahoma, serif;\"><span style=\"font-size: small;\">Ufficio stampa: Umberto Di Micco <a href=\"mailto:dmvcomunicazione@gmail.com\">dmvcomunicazione@gmail.com<\/a> <\/span><\/span><\/p>\n","protected":false},"excerpt":{"rendered":"<p>Ethnos Festival Internazionale della Musica Etnica XXVIII edizione \u2013 7 settembre 1 ottobre 2023 Direzione artistica Gigi Di Luca www.festivalethnos.it Le musiche del mondo in scena alle pendici del Vesuvio per il festival Ethnos. Dal 7 settembre all\u20191 ottobre 2023 in 6 comuni della costa vesuviana &#8211; Ercolano, Napoli, Portici, San Giorgio a Cremano, Torre&hellip;<\/p>\n","protected":false},"author":1,"featured_media":9570,"comment_status":"closed","ping_status":"closed","sticky":false,"template":"","format":"standard","meta":{"footnotes":""},"categories":[],"tags":[],"class_list":["post-9713","post","type-post","status-publish","format-standard","has-post-thumbnail","hentry"],"_links":{"self":[{"href":"https:\/\/www.festivalethnos.it\/index.php?rest_route=\/wp\/v2\/posts\/9713","targetHints":{"allow":["GET"]}}],"collection":[{"href":"https:\/\/www.festivalethnos.it\/index.php?rest_route=\/wp\/v2\/posts"}],"about":[{"href":"https:\/\/www.festivalethnos.it\/index.php?rest_route=\/wp\/v2\/types\/post"}],"author":[{"embeddable":true,"href":"https:\/\/www.festivalethnos.it\/index.php?rest_route=\/wp\/v2\/users\/1"}],"replies":[{"embeddable":true,"href":"https:\/\/www.festivalethnos.it\/index.php?rest_route=%2Fwp%2Fv2%2Fcomments&post=9713"}],"version-history":[{"count":2,"href":"https:\/\/www.festivalethnos.it\/index.php?rest_route=\/wp\/v2\/posts\/9713\/revisions"}],"predecessor-version":[{"id":9715,"href":"https:\/\/www.festivalethnos.it\/index.php?rest_route=\/wp\/v2\/posts\/9713\/revisions\/9715"}],"wp:featuredmedia":[{"embeddable":true,"href":"https:\/\/www.festivalethnos.it\/index.php?rest_route=\/wp\/v2\/media\/9570"}],"wp:attachment":[{"href":"https:\/\/www.festivalethnos.it\/index.php?rest_route=%2Fwp%2Fv2%2Fmedia&parent=9713"}],"wp:term":[{"taxonomy":"category","embeddable":true,"href":"https:\/\/www.festivalethnos.it\/index.php?rest_route=%2Fwp%2Fv2%2Fcategories&post=9713"},{"taxonomy":"post_tag","embeddable":true,"href":"https:\/\/www.festivalethnos.it\/index.php?rest_route=%2Fwp%2Fv2%2Ftags&post=9713"}],"curies":[{"name":"wp","href":"https:\/\/api.w.org\/{rel}","templated":true}]}}